{"id":23599,"date":"2025-03-05T11:09:36","date_gmt":"2025-03-05T11:09:36","guid":{"rendered":"https:\/\/www.estilguru.com\/impermeabilizar-balcones\/"},"modified":"2025-05-21T10:58:52","modified_gmt":"2025-05-21T10:58:52","slug":"impermeabilizacao-de-varandas","status":"publish","type":"post","link":"https:\/\/www.estilguru.com\/pt-pt\/impermeabilizacao-de-varandas\/","title":{"rendered":"Impermeabiliza\u00e7\u00e3o de varandas: Uma necessidade incubada"},"content":{"rendered":"\t\t<div data-elementor-type=\"wp-post\" data-elementor-id=\"23599\" class=\"elementor elementor-23599 elementor-21297\" data-elementor-settings=\"{&quot;ha_cmc_init_switcher&quot;:&quot;no&quot;}\" data-elementor-post-type=\"post\">\n\t\t\t\t<div class=\"elementor-element elementor-element-04807ab e-flex e-con-boxed e-con e-parent\" data-id=\"04807ab\" data-element_type=\"container\" data-e-type=\"container\" data-settings=\"{&quot;_ha_eqh_enable&quot;:false}\">\n\t\t\t\t\t<div class=\"e-con-inner\">\n\t\t\t\t<div class=\"elementor-element elementor-element-eb6752c elementor-toc--minimized-on-tablet elementor-widget elementor-widget-table-of-contents\" data-id=\"eb6752c\" data-element_type=\"widget\" data-e-type=\"widget\" data-settings=\"{&quot;exclude_headings_by_selector&quot;:[],&quot;headings_by_tags&quot;:[&quot;h2&quot;,&quot;h3&quot;,&quot;h4&quot;,&quot;h5&quot;],&quot;marker_view&quot;:&quot;numbers&quot;,&quot;no_headings_message&quot;:&quot;No headings were found on this page.&quot;,&quot;minimize_box&quot;:&quot;yes&quot;,&quot;minimized_on&quot;:&quot;tablet&quot;,&quot;hierarchical_view&quot;:&quot;yes&quot;,&quot;min_height&quot;:{&quot;unit&quot;:&quot;px&quot;,&quot;size&quot;:&quot;&quot;,&quot;sizes&quot;:[]},&quot;min_height_tablet&quot;:{&quot;unit&quot;:&quot;px&quot;,&quot;size&quot;:&quot;&quot;,&quot;sizes&quot;:[]},&quot;min_height_mobile&quot;:{&quot;unit&quot;:&quot;px&quot;,&quot;size&quot;:&quot;&quot;,&quot;sizes&quot;:[]}}\" data-widget_type=\"table-of-contents.default\">\n\t\t\t\t<div class=\"elementor-widget-container\">\n\t\t\t\t\t\t\t\t\t<div class=\"elementor-toc__header\">\n\t\t\t\t\t\t<h6 class=\"elementor-toc__header-title\">\n\t\t\t\tConte\u00fado\t\t\t<\/h6>\n\t\t\t\t\t\t\t\t\t\t<div class=\"elementor-toc__toggle-button elementor-toc__toggle-button--expand\" role=\"button\" tabindex=\"0\" aria-controls=\"elementor-toc__eb6752c\" aria-expanded=\"true\" aria-label=\"Open table of contents\"><i aria-hidden=\"true\" class=\"fas fa-chevron-down\"><\/i><\/div>\n\t\t\t\t<div class=\"elementor-toc__toggle-button elementor-toc__toggle-button--collapse\" role=\"button\" tabindex=\"0\" aria-controls=\"elementor-toc__eb6752c\" aria-expanded=\"true\" aria-label=\"Close table of contents\"><i aria-hidden=\"true\" class=\"fas fa-chevron-up\"><\/i><\/div>\n\t\t\t\t\t<\/div>\n\t\t\t\t<div id=\"elementor-toc__eb6752c\" class=\"elementor-toc__body\">\n\t\t\t<div class=\"elementor-toc__spinner-container\">\n\t\t\t\t<i class=\"elementor-toc__spinner eicon-animation-spin eicon-loading\" aria-hidden=\"true\"><\/i>\t\t\t<\/div>\n\t\t<\/div>\n\t\t\t\t\t\t<\/div>\n\t\t\t\t<\/div>\n\t\t\t\t\t<\/div>\n\t\t\t\t<\/div>\n\t\t<div class=\"elementor-element elementor-element-c664449 e-flex e-con-boxed e-con e-parent\" data-id=\"c664449\" data-element_type=\"container\" data-e-type=\"container\" data-settings=\"{&quot;_ha_eqh_enable&quot;:false}\">\n\t\t\t\t\t<div class=\"e-con-inner\">\n\t\t\t\t<div class=\"elementor-element elementor-element-be43bbd elementor-widget elementor-widget-text-editor\" data-id=\"be43bbd\" data-element_type=\"widget\" data-e-type=\"widget\" data-widget_type=\"text-editor.default\">\n\t\t\t\t<div class=\"elementor-widget-container\">\n\t\t\t\t\t\t\t\t\t<p>A impermeabiliza\u00e7\u00e3o de varandas \u00e9 um aspeto importante da manuten\u00e7\u00e3o de uma casa que protege contra danos causados pela \u00e1gua, previne problemas estruturais a longo prazo e melhora a qualidade de vida dos moradores. Neste guia, vamos explorar v\u00e1rios m\u00e9todos de impermeabiliza\u00e7\u00e3o de varandas, com especial destaque para as inovadoras telas EVAC, e real\u00e7ar a superioridade da tela de impermeabiliza\u00e7\u00e3o Water-Stop da Estil Guru, \u00fanica no mercado pelas suas quatro camadas de prote\u00e7\u00e3o. <\/p>\n\t\t\t\t\t\t\t\t<\/div>\n\t\t\t\t<\/div>\n\t\t\t\t\t<\/div>\n\t\t\t\t<\/div>\n\t\t<div class=\"elementor-element elementor-element-b77bde0 e-flex e-con-boxed e-con e-parent\" data-id=\"b77bde0\" data-element_type=\"container\" data-e-type=\"container\" data-settings=\"{&quot;_ha_eqh_enable&quot;:false}\">\n\t\t\t\t\t<div class=\"e-con-inner\">\n\t\t\t\t<div class=\"elementor-element elementor-element-c7b6972 elementor-widget elementor-widget-image\" data-id=\"c7b6972\" data-element_type=\"widget\" data-e-type=\"widget\" data-widget_type=\"image.default\">\n\t\t\t\t<div class=\"elementor-widget-container\">\n\t\t\t\t\t\t\t\t\t\t\t\t\t\t\t<img decoding=\"async\" src=\"https:\/\/www.estilguru.com\/wp-content\/uploads\/elementor\/thumbs\/WhatsApp-Image-2022-10-06-at-17.00.37-qzsuwxyc7ra7m14xoupxld32vz4kogo7eaz87jxm6s.jpeg\" title=\"WhatsApp Image 2022-10-06 at 17.00.37\" alt=\"impermeabilizar balcones\" loading=\"lazy\" \/>\t\t\t\t\t\t\t\t\t\t\t\t\t\t\t<\/div>\n\t\t\t\t<\/div>\n\t\t\t\t\t<\/div>\n\t\t\t\t<\/div>\n\t\t<div class=\"elementor-element elementor-element-d58d6cb e-flex e-con-boxed e-con e-parent\" data-id=\"d58d6cb\" data-element_type=\"container\" data-e-type=\"container\" data-settings=\"{&quot;_ha_eqh_enable&quot;:false}\">\n\t\t\t\t\t<div class=\"e-con-inner\">\n\t\t\t\t<div class=\"elementor-element elementor-element-a999cf1 elementor-widget elementor-widget-heading\" data-id=\"a999cf1\" data-element_type=\"widget\" data-e-type=\"widget\" data-widget_type=\"heading.default\">\n\t\t\t\t<div class=\"elementor-widget-container\">\n\t\t\t\t\t<h2 class=\"elementor-heading-title elementor-size-default\">Porque \u00e9 que \u00e9 essencial impermeabilizar a tua varanda?<\/h2>\t\t\t\t<\/div>\n\t\t\t\t<\/div>\n\t\t\t\t\t<\/div>\n\t\t\t\t<\/div>\n\t\t<div class=\"elementor-element elementor-element-d81c7ec e-flex e-con-boxed e-con e-parent\" data-id=\"d81c7ec\" data-element_type=\"container\" data-e-type=\"container\" data-settings=\"{&quot;_ha_eqh_enable&quot;:false}\">\n\t\t\t\t\t<div class=\"e-con-inner\">\n\t\t\t\t<div class=\"elementor-element elementor-element-abdbba8 elementor-widget elementor-widget-text-editor\" data-id=\"abdbba8\" data-element_type=\"widget\" data-e-type=\"widget\" data-widget_type=\"text-editor.default\">\n\t\t\t\t<div class=\"elementor-widget-container\">\n\t\t\t\t\t\t\t\t\t<div class=\"flex max-w-full flex-col flex-grow\">\n<div class=\"min-h-8 text-message flex w-full flex-col items-end gap-2 whitespace-normal break-words text-start [.text-message+&amp;]:mt-5\" dir=\"auto\" data-message-author-role=\"assistant\" data-message-id=\"d332ce0b-700d-457c-86d4-675712f4b6e8\" data-message-model-slug=\"gpt-4o\">\n<div class=\"flex w-full flex-col gap-1 empty:hidden first:pt-[3px]\">\n<div class=\"markdown prose w-full break-words dark:prose-invert light\">\n<p>A impermeabiliza\u00e7\u00e3o de varandas \u00e9 essencial para garantir a prote\u00e7\u00e3o da tua casa contra os danos que podem ser causados pela exposi\u00e7\u00e3o constante \u00e0s intemp\u00e9ries. Uma varanda est\u00e1 continuamente sujeita \u00e0 chuva, \u00e0 humidade e \u00e0s mudan\u00e7as de temperatura, o que pode provocar a infiltra\u00e7\u00e3o de \u00e1gua atrav\u00e9s de fissuras e juntas, enfraquecendo a estrutura ao longo do tempo. Isto n\u00e3o s\u00f3 afecta a estabilidade da varanda, provocando a corros\u00e3o dos materiais met\u00e1licos e o desgaste do bet\u00e3o, como tamb\u00e9m pode levar a problemas graves, como o colapso parcial ou total da estrutura. Al\u00e9m disso, a infiltra\u00e7\u00e3o de \u00e1gua cria o ambiente perfeito para o desenvolvimento de bolor e fungos, que n\u00e3o s\u00f3 prejudicam a est\u00e9tica de uma varanda, como tamb\u00e9m podem espalhar-se pelo interior da casa, afectando a sa\u00fade dos seus habitantes ao provocar alergias e problemas respirat\u00f3rios.   <\/p>\n<p>A impermeabiliza\u00e7\u00e3o \u00e9 uma medida preventiva fundamental que permite poupar dinheiro a longo prazo, evitando repara\u00e7\u00f5es dispendiosas e a substitui\u00e7\u00e3o de materiais danificados, e garante que a varanda mant\u00e9m a sua durabilidade e funcionalidade durante muitos anos. Ao garantir uma impermeabiliza\u00e7\u00e3o adequada, pode manter uma varanda em \u00f3ptimas condi\u00e7\u00f5es, protegendo n\u00e3o s\u00f3 a estrutura da sua casa, mas tamb\u00e9m a sua est\u00e9tica, valorizando a sua propriedade e garantindo um espa\u00e7o seguro e confort\u00e1vel para toda a fam\u00edlia. <\/p>\n<\/div>\n<\/div>\n<\/div>\n<\/div>\n\t\t\t\t\t\t\t\t<\/div>\n\t\t\t\t<\/div>\n\t\t\t\t\t<\/div>\n\t\t\t\t<\/div>\n\t\t<div class=\"elementor-element elementor-element-373ebd8 e-flex e-con-boxed e-con e-parent\" data-id=\"373ebd8\" data-element_type=\"container\" data-e-type=\"container\" data-settings=\"{&quot;_ha_eqh_enable&quot;:false}\">\n\t\t\t\t\t<div class=\"e-con-inner\">\n\t\t\t\t<div class=\"elementor-element elementor-element-3dd173a elementor-widget elementor-widget-heading\" data-id=\"3dd173a\" data-element_type=\"widget\" data-e-type=\"widget\" data-widget_type=\"heading.default\">\n\t\t\t\t<div class=\"elementor-widget-container\">\n\t\t\t\t\t<h2 class=\"elementor-heading-title elementor-size-default\">M\u00e9todos de impermeabiliza\u00e7\u00e3o de varandas<\/h2>\t\t\t\t<\/div>\n\t\t\t\t<\/div>\n\t\t\t\t\t<\/div>\n\t\t\t\t<\/div>\n\t\t<div class=\"elementor-element elementor-element-10e1983 e-flex e-con-boxed e-con e-parent\" data-id=\"10e1983\" data-element_type=\"container\" data-e-type=\"container\" data-settings=\"{&quot;_ha_eqh_enable&quot;:false}\">\n\t\t\t\t\t<div class=\"e-con-inner\">\n\t\t\t\t<div class=\"elementor-element elementor-element-f1a1fa5 elementor-widget elementor-widget-text-editor\" data-id=\"f1a1fa5\" data-element_type=\"widget\" data-e-type=\"widget\" data-widget_type=\"text-editor.default\">\n\t\t\t\t<div class=\"elementor-widget-container\">\n\t\t\t\t\t\t\t\t\t<p>Quando se trata de proteger as varandas contra a humidade e as infiltra\u00e7\u00f5es, existem v\u00e1rios m\u00e9todos de impermeabiliza\u00e7\u00e3o no mercado. No entanto, cada um tem as suas pr\u00f3prias carater\u00edsticas, limita\u00e7\u00f5es e desafios. De seguida, analisamos as principais op\u00e7\u00f5es dispon\u00edveis e porque \u00e9 que <strong>o Water-Stop da Estil Guru<\/strong> \u00e9 a melhor solu\u00e7\u00e3o.  <\/p>\n\t\t\t\t\t\t\t\t<\/div>\n\t\t\t\t<\/div>\n\t\t\t\t\t<\/div>\n\t\t\t\t<\/div>\n\t\t<div class=\"elementor-element elementor-element-67eeab1 e-flex e-con-boxed e-con e-parent\" data-id=\"67eeab1\" data-element_type=\"container\" data-e-type=\"container\" data-settings=\"{&quot;_ha_eqh_enable&quot;:false}\">\n\t\t\t\t\t<div class=\"e-con-inner\">\n\t\t\t\t<div class=\"elementor-element elementor-element-9a47a47 elementor-widget elementor-widget-heading\" data-id=\"9a47a47\" data-element_type=\"widget\" data-e-type=\"widget\" data-widget_type=\"heading.default\">\n\t\t\t\t<div class=\"elementor-widget-container\">\n\t\t\t\t\t<h3 class=\"elementor-heading-title elementor-size-default\">Tintas para impermeabiliza\u00e7\u00e3o de varandas<\/h3>\t\t\t\t<\/div>\n\t\t\t\t<\/div>\n\t\t\t\t\t<\/div>\n\t\t\t\t<\/div>\n\t\t<div class=\"elementor-element elementor-element-b1129a0 e-flex e-con-boxed e-con e-parent\" data-id=\"b1129a0\" data-element_type=\"container\" data-e-type=\"container\" data-settings=\"{&quot;_ha_eqh_enable&quot;:false}\">\n\t\t\t\t\t<div class=\"e-con-inner\">\n\t\t\t\t<div class=\"elementor-element elementor-element-4089b47 elementor-widget elementor-widget-text-editor\" data-id=\"4089b47\" data-element_type=\"widget\" data-e-type=\"widget\" data-widget_type=\"text-editor.default\">\n\t\t\t\t<div class=\"elementor-widget-container\">\n\t\t\t\t\t\t\t\t\t<p>As tintas de impermeabiliza\u00e7\u00e3o s\u00e3o uma escolha popular devido ao seu baixo custo inicial e facilidade de aplica\u00e7\u00e3o. Estas tintas criam uma camada superficial que repele a \u00e1gua e protege temporariamente a estrutura da varanda. No entanto, a sua durabilidade \u00e9 limitada, uma vez que se desgastam rapidamente devido \u00e0 exposi\u00e7\u00e3o ao sol, \u00e0 chuva e \u00e0s mudan\u00e7as de temperatura. Al\u00e9m disso, se houver fissuras ou movimentos na superf\u00edcie, a tinta pode fraturar, permitindo a passagem da \u00e1gua. Este m\u00e9todo requer reaplica\u00e7\u00f5es peri\u00f3dicas, o que aumenta os custos a longo prazo e torna-o uma solu\u00e7\u00e3o tempor\u00e1ria.    <\/p>\n\t\t\t\t\t\t\t\t<\/div>\n\t\t\t\t<\/div>\n\t\t\t\t\t<\/div>\n\t\t\t\t<\/div>\n\t\t<div class=\"elementor-element elementor-element-c545226 e-flex e-con-boxed e-con e-parent\" data-id=\"c545226\" data-element_type=\"container\" data-e-type=\"container\" data-settings=\"{&quot;_ha_eqh_enable&quot;:false}\">\n\t\t\t\t\t<div class=\"e-con-inner\">\n\t\t\t\t<div class=\"elementor-element elementor-element-5f9f5f6 elementor-widget elementor-widget-heading\" data-id=\"5f9f5f6\" data-element_type=\"widget\" data-e-type=\"widget\" data-widget_type=\"heading.default\">\n\t\t\t\t<div class=\"elementor-widget-container\">\n\t\t\t\t\t<h3 class=\"elementor-heading-title elementor-size-default\">Membranas l\u00edquidas para impermeabiliza\u00e7\u00e3o de varandas<\/h3>\t\t\t\t<\/div>\n\t\t\t\t<\/div>\n\t\t\t\t\t<\/div>\n\t\t\t\t<\/div>\n\t\t<div class=\"elementor-element elementor-element-21fc917 e-flex e-con-boxed e-con e-parent\" data-id=\"21fc917\" data-element_type=\"container\" data-e-type=\"container\" data-settings=\"{&quot;_ha_eqh_enable&quot;:false}\">\n\t\t\t\t\t<div class=\"e-con-inner\">\n\t\t\t\t<div class=\"elementor-element elementor-element-d810b25 elementor-widget elementor-widget-text-editor\" data-id=\"d810b25\" data-element_type=\"widget\" data-e-type=\"widget\" data-widget_type=\"text-editor.default\">\n\t\t\t\t<div class=\"elementor-widget-container\">\n\t\t\t\t\t\t\t\t\t<p>As membranas l\u00edquidas proporcionam um revestimento \u00e0 prova de \u00e1gua que se adapta a superf\u00edcies irregulares, o que as torna \u00fateis em determinadas situa\u00e7\u00f5es. No entanto, a sua correta aplica\u00e7\u00e3o requer experi\u00eancia, uma vez que uma cobertura irregular pode deixar as \u00e1reas vulner\u00e1veis a fugas. Embora tenham um desempenho inicial aceit\u00e1vel, a sua durabilidade fica comprometida se forem expostas a tr\u00e1fego constante ou a cargas pesadas, o que tamb\u00e9m implica custos adicionais devido \u00e0 necessidade de revestimentos protectores.  <\/p>\n\t\t\t\t\t\t\t\t<\/div>\n\t\t\t\t<\/div>\n\t\t\t\t\t<\/div>\n\t\t\t\t<\/div>\n\t\t<div class=\"elementor-element elementor-element-74799e6 e-flex e-con-boxed e-con e-parent\" data-id=\"74799e6\" data-element_type=\"container\" data-e-type=\"container\" data-settings=\"{&quot;_ha_eqh_enable&quot;:false}\">\n\t\t\t\t\t<div class=\"e-con-inner\">\n\t\t\t\t<div class=\"elementor-element elementor-element-8eec93c elementor-widget elementor-widget-heading\" data-id=\"8eec93c\" data-element_type=\"widget\" data-e-type=\"widget\" data-widget_type=\"heading.default\">\n\t\t\t\t<div class=\"elementor-widget-container\">\n\t\t\t\t\t<h3 class=\"elementor-heading-title elementor-size-default\">Placas de asfalto para impermeabiliza\u00e7\u00e3o de varandas<\/h3>\t\t\t\t<\/div>\n\t\t\t\t<\/div>\n\t\t\t\t\t<\/div>\n\t\t\t\t<\/div>\n\t\t<div class=\"elementor-element elementor-element-7313991 e-flex e-con-boxed e-con e-parent\" data-id=\"7313991\" data-element_type=\"container\" data-e-type=\"container\" data-settings=\"{&quot;_ha_eqh_enable&quot;:false}\">\n\t\t\t\t\t<div class=\"e-con-inner\">\n\t\t\t\t<div class=\"elementor-element elementor-element-8caf093 elementor-widget elementor-widget-text-editor\" data-id=\"8caf093\" data-element_type=\"widget\" data-e-type=\"widget\" data-widget_type=\"text-editor.default\">\n\t\t\t\t<div class=\"elementor-widget-container\">\n\t\t\t\t\t\t\t\t\t<p>O revestimento betuminoso \u00e9 conhecido pela sua elevada resist\u00eancia \u00e0 \u00e1gua e pela sua capacidade de proteger grandes superf\u00edcies. No entanto, a sua instala\u00e7\u00e3o \u00e9 complexa e dispendiosa, exigindo ferramentas especializadas e pessoal formado. <\/p>\n\t\t\t\t\t\t\t\t<\/div>\n\t\t\t\t<\/div>\n\t\t\t\t\t<\/div>\n\t\t\t\t<\/div>\n\t\t<div class=\"elementor-element elementor-element-6991720 e-flex e-con-boxed e-con e-parent\" data-id=\"6991720\" data-element_type=\"container\" data-e-type=\"container\" data-settings=\"{&quot;_ha_eqh_enable&quot;:false}\">\n\t\t\t\t\t<div class=\"e-con-inner\">\n\t\t\t\t<div class=\"elementor-element elementor-element-8648c72 elementor-widget elementor-widget-heading\" data-id=\"8648c72\" data-element_type=\"widget\" data-e-type=\"widget\" data-widget_type=\"heading.default\">\n\t\t\t\t<div class=\"elementor-widget-container\">\n\t\t\t\t\t<h3 class=\"elementor-heading-title elementor-size-default\">Argamassas de impermeabiliza\u00e7\u00e3o para varandas<\/h3>\t\t\t\t<\/div>\n\t\t\t\t<\/div>\n\t\t\t\t\t<\/div>\n\t\t\t\t<\/div>\n\t\t<div class=\"elementor-element elementor-element-c111dc5 e-flex e-con-boxed e-con e-parent\" data-id=\"c111dc5\" data-element_type=\"container\" data-e-type=\"container\" data-settings=\"{&quot;_ha_eqh_enable&quot;:false}\">\n\t\t\t\t\t<div class=\"e-con-inner\">\n\t\t\t\t<div class=\"elementor-element elementor-element-d58d3e6 elementor-widget elementor-widget-text-editor\" data-id=\"d58d3e6\" data-element_type=\"widget\" data-e-type=\"widget\" data-widget_type=\"text-editor.default\">\n\t\t\t\t<div class=\"elementor-widget-container\">\n\t\t\t\t\t\t\t\t\t<p>A utiliza\u00e7\u00e3o de argamassas \u00e9 comum em grandes projectos de constru\u00e7\u00e3o, uma vez que oferecem uma boa resist\u00eancia \u00e0 press\u00e3o da \u00e1gua. No entanto, a sua rigidez torna-as inadequadas para superf\u00edcies suscept\u00edveis de se moverem ou expandirem, uma vez que podem aparecer fissuras ao longo do tempo. Al\u00e9m disso, a sua instala\u00e7\u00e3o \u00e9 trabalhosa e demorada e pode acrescentar um peso consider\u00e1vel \u00e0 estrutura da varanda, o que pode n\u00e3o ser ideal em certos edif\u00edcios.  <\/p>\n\t\t\t\t\t\t\t\t<\/div>\n\t\t\t\t<\/div>\n\t\t\t\t\t<\/div>\n\t\t\t\t<\/div>\n\t\t<div class=\"elementor-element elementor-element-e475502 e-flex e-con-boxed e-con e-parent\" data-id=\"e475502\" data-element_type=\"container\" data-e-type=\"container\" data-settings=\"{&quot;_ha_eqh_enable&quot;:false}\">\n\t\t\t\t\t<div class=\"e-con-inner\">\n\t\t\t\t<div class=\"elementor-element elementor-element-6974a57 elementor-widget elementor-widget-heading\" data-id=\"6974a57\" data-element_type=\"widget\" data-e-type=\"widget\" data-widget_type=\"heading.default\">\n\t\t\t\t<div class=\"elementor-widget-container\">\n\t\t\t\t\t<h3 class=\"elementor-heading-title elementor-size-default\">Instala\u00e7\u00e3o de Water-Stop em varandas<\/h3>\t\t\t\t<\/div>\n\t\t\t\t<\/div>\n\t\t\t\t\t<\/div>\n\t\t\t\t<\/div>\n\t\t<div class=\"elementor-element elementor-element-fd82b2e e-flex e-con-boxed e-con e-parent\" data-id=\"fd82b2e\" data-element_type=\"container\" data-e-type=\"container\" data-settings=\"{&quot;_ha_eqh_enable&quot;:false}\">\n\t\t\t\t\t<div class=\"e-con-inner\">\n\t\t\t\t<div class=\"elementor-element elementor-element-0b6d6d7 elementor-widget elementor-widget-text-editor\" data-id=\"0b6d6d7\" data-element_type=\"widget\" data-e-type=\"widget\" data-widget_type=\"text-editor.default\">\n\t\t\t\t<div class=\"elementor-widget-container\">\n\t\t\t\t\t\t\t\t\t<p>O Estil Guru <strong>Water-Stop<\/strong> \u00e9 uma solu\u00e7\u00e3o moderna e altamente eficiente que ultrapassa as limita\u00e7\u00f5es dos m\u00e9todos tradicionais. Este produto combina facilidade de instala\u00e7\u00e3o, durabilidade excecional e m\u00e1xima flexibilidade, tornando-o ideal para qualquer tipo de varanda. A sua instala\u00e7\u00e3o n\u00e3o requer ferramentas especializadas nem pessoal altamente qualificado, uma vez que \u00e9 simplesmente colocado com cola para azulejos e uma talocha dentada. A sua elevada durabilidade garante que resiste ao desgaste provocado pelo tr\u00e1fego constante, \u00e0s mudan\u00e7as de temperatura e \u00e0s condi\u00e7\u00f5es climat\u00e9ricas adversas. Ao contr\u00e1rio de outras op\u00e7\u00f5es, <strong>o Water-Stop<\/strong> \u00e9 flex\u00edvel, o que lhe permite adaptar-se a pequenos movimentos da superf\u00edcie sem perder as suas propriedades imperme\u00e1veis. Al\u00e9m disso, permite a instala\u00e7\u00e3o de revestimentos est\u00e9ticos, como azulejos ou cer\u00e2micas, diretamente sobre a chapa, garantindo uma est\u00e9tica impec\u00e1vel. Por fim, n\u00e3o necessita de manuten\u00e7\u00e3o ou reaplica\u00e7\u00f5es frequentes, poupando tempo e dinheiro a longo prazo.      <\/p>\n\t\t\t\t\t\t\t\t<\/div>\n\t\t\t\t<\/div>\n\t\t\t\t\t<\/div>\n\t\t\t\t<\/div>\n\t\t<div class=\"elementor-element elementor-element-1db55f4 e-flex e-con-boxed e-con e-parent\" data-id=\"1db55f4\" data-element_type=\"container\" data-e-type=\"container\" data-settings=\"{&quot;_ha_eqh_enable&quot;:false}\">\n\t\t\t\t\t<div class=\"e-con-inner\">\n\t\t\t\t<div class=\"elementor-element elementor-element-77d6274 elementor-widget elementor-widget-image\" data-id=\"77d6274\" data-element_type=\"widget\" data-e-type=\"widget\" data-widget_type=\"image.default\">\n\t\t\t\t<div class=\"elementor-widget-container\">\n\t\t\t\t\t\t\t\t\t\t\t\t\t\t\t<img fetchpriority=\"high\" decoding=\"async\" width=\"1024\" height=\"327\" src=\"https:\/\/www.estilguru.com\/wp-content\/uploads\/2025\/01\/GRAFICO-1024x327.png\" class=\"attachment-large size-large wp-image-21315\" alt=\"\" srcset=\"https:\/\/www.estilguru.com\/wp-content\/uploads\/2025\/01\/GRAFICO-1024x327.png 1024w, https:\/\/www.estilguru.com\/wp-content\/uploads\/2025\/01\/GRAFICO-300x96.png 300w, https:\/\/www.estilguru.com\/wp-content\/uploads\/2025\/01\/GRAFICO-768x246.png 768w, https:\/\/www.estilguru.com\/wp-content\/uploads\/2025\/01\/GRAFICO-1536x491.png 1536w, https:\/\/www.estilguru.com\/wp-content\/uploads\/2025\/01\/GRAFICO-2048x655.png 2048w, https:\/\/www.estilguru.com\/wp-content\/uploads\/2025\/01\/GRAFICO-600x192.png 600w\" sizes=\"(max-width: 1024px) 100vw, 1024px\" \/>\t\t\t\t\t\t\t\t\t\t\t\t\t\t\t<\/div>\n\t\t\t\t<\/div>\n\t\t\t\t\t<\/div>\n\t\t\t\t<\/div>\n\t\t\t\t<\/div>\n\t\t","protected":false},"excerpt":{"rendered":"<p>Conte\u00fado A impermeabiliza\u00e7\u00e3o de varandas \u00e9 um aspeto importante da manuten\u00e7\u00e3o de uma casa que protege contra danos causados pela \u00e1gua, previne problemas estruturais a longo prazo e melhora a qualidade de vida dos moradores. Neste guia, vamos explorar v\u00e1rios m\u00e9todos de impermeabiliza\u00e7\u00e3o de varandas, com especial destaque para as inovadoras telas EVAC, e real\u00e7ar &hellip;<\/p>\n<p class=\"read-more\"> <a class=\"\" href=\"https:\/\/www.estilguru.com\/pt-pt\/impermeabilizacao-de-varandas\/\"> <span class=\"screen-reader-text\">Impermeabiliza\u00e7\u00e3o de varandas: Uma necessidade incubada<\/span> Read More &raquo;<\/a><\/p>\n","protected":false},"author":1,"featured_media":21303,"comment_status":"closed","ping_status":"open","sticky":false,"template":"","format":"standard","meta":{"site-sidebar-layout":"default","site-content-layout":"default","ast-main-header-display":"","ast-hfb-above-header-display":"","ast-hfb-below-header-display":"","ast-hfb-mobile-header-display":"","site-post-title":"","ast-breadcrumbs-content":"","ast-featured-img":"disabled","footer-sml-layout":"","theme-transparent-header-meta":"default","adv-header-id-meta":"","stick-header-meta":"","header-above-stick-meta":"","header-main-stick-meta":"","header-below-stick-meta":"","footnotes":""},"categories":[238],"tags":[],"class_list":["post-23599","post","type-post","status-publish","format-standard","has-post-thumbnail","hentry","category-impermeabilizacao"],"yoast_head":"<!-- This site is optimized with the Yoast SEO plugin v27.1.1 - https:\/\/yoast.com\/product\/yoast-seo-wordpress\/ -->\n<title>Impermeabiliza\u00e7\u00e3o de varandas: Uma necessidade incubada - Estil Guru<\/title>\n<meta name=\"robots\" content=\"index, follow, max-snippet:-1, max-image-preview:large, max-video-preview:-1\" \/>\n<link rel=\"canonical\" href=\"https:\/\/www.estilguru.com\/pt-pt\/impermeabilizacao-de-varandas\/\" \/>\n<meta property=\"og:locale\" content=\"pt_PT\" \/>\n<meta property=\"og:type\" content=\"article\" \/>\n<meta property=\"og:title\" content=\"Impermeabiliza\u00e7\u00e3o de varandas: Uma necessidade incubada - Estil Guru\" \/>\n<meta property=\"og:description\" content=\"Conte\u00fado A impermeabiliza\u00e7\u00e3o de varandas \u00e9 um aspeto importante da manuten\u00e7\u00e3o de uma casa que protege contra danos causados pela \u00e1gua, previne problemas estruturais a longo prazo e melhora a qualidade de vida dos moradores. Neste guia, vamos explorar v\u00e1rios m\u00e9todos de impermeabiliza\u00e7\u00e3o de varandas, com especial destaque para as inovadoras telas EVAC, e real\u00e7ar &hellip; Impermeabiliza\u00e7\u00e3o de varandas: Uma necessidade incubada Read More &raquo;\" \/>\n<meta property=\"og:url\" content=\"https:\/\/www.estilguru.com\/pt-pt\/impermeabilizacao-de-varandas\/\" \/>\n<meta property=\"og:site_name\" content=\"Estil Guru\" \/>\n<meta property=\"article:published_time\" content=\"2025-03-05T11:09:36+00:00\" \/>\n<meta property=\"article:modified_time\" content=\"2025-05-21T10:58:52+00:00\" \/>\n<meta property=\"og:image\" content=\"https:\/\/www.estilguru.com\/wp-content\/uploads\/2025\/01\/WhatsApp-Image-2022-10-06-at-17.00.37.jpeg\" \/>\n\t<meta property=\"og:image:width\" content=\"1536\" \/>\n\t<meta property=\"og:image:height\" content=\"2048\" \/>\n\t<meta property=\"og:image:type\" content=\"image\/jpeg\" \/>\n<meta name=\"author\" content=\"estilguru\" \/>\n<meta name=\"twitter:card\" content=\"summary_large_image\" \/>\n<meta name=\"twitter:label1\" content=\"Escrito por\" \/>\n\t<meta name=\"twitter:data1\" content=\"estilguru\" \/>\n\t<meta name=\"twitter:label2\" content=\"Tempo estimado de leitura\" \/>\n\t<meta name=\"twitter:data2\" content=\"5 minutos\" \/>\n<script type=\"application\/ld+json\" class=\"yoast-schema-graph\">{\"@context\":\"https:\/\/schema.org\",\"@graph\":[{\"@type\":\"Article\",\"@id\":\"https:\/\/www.estilguru.com\/pt-pt\/impermeabilizacao-de-varandas\/#article\",\"isPartOf\":{\"@id\":\"https:\/\/www.estilguru.com\/pt-pt\/impermeabilizacao-de-varandas\/\"},\"author\":{\"name\":\"estilguru\",\"@id\":\"https:\/\/www.estilguru.com\/pt-pt\/#\/schema\/person\/d3fc5a1b603da80b44c9688ab1e550f1\"},\"headline\":\"Impermeabiliza\u00e7\u00e3o de varandas: Uma necessidade incubada\",\"datePublished\":\"2025-03-05T11:09:36+00:00\",\"dateModified\":\"2025-05-21T10:58:52+00:00\",\"mainEntityOfPage\":{\"@id\":\"https:\/\/www.estilguru.com\/pt-pt\/impermeabilizacao-de-varandas\/\"},\"wordCount\":912,\"publisher\":{\"@id\":\"https:\/\/www.estilguru.com\/pt-pt\/#organization\"},\"image\":{\"@id\":\"https:\/\/www.estilguru.com\/pt-pt\/impermeabilizacao-de-varandas\/#primaryimage\"},\"thumbnailUrl\":\"https:\/\/www.estilguru.com\/wp-content\/uploads\/2025\/01\/WhatsApp-Image-2022-10-06-at-17.00.37.jpeg\",\"articleSection\":[\"Impermeabiliza\u00e7\u00e3o\"],\"inLanguage\":\"pt-PT\"},{\"@type\":\"WebPage\",\"@id\":\"https:\/\/www.estilguru.com\/pt-pt\/impermeabilizacao-de-varandas\/\",\"url\":\"https:\/\/www.estilguru.com\/pt-pt\/impermeabilizacao-de-varandas\/\",\"name\":\"Impermeabiliza\u00e7\u00e3o de varandas: Uma necessidade incubada - Estil Guru\",\"isPartOf\":{\"@id\":\"https:\/\/www.estilguru.com\/pt-pt\/#website\"},\"primaryImageOfPage\":{\"@id\":\"https:\/\/www.estilguru.com\/pt-pt\/impermeabilizacao-de-varandas\/#primaryimage\"},\"image\":{\"@id\":\"https:\/\/www.estilguru.com\/pt-pt\/impermeabilizacao-de-varandas\/#primaryimage\"},\"thumbnailUrl\":\"https:\/\/www.estilguru.com\/wp-content\/uploads\/2025\/01\/WhatsApp-Image-2022-10-06-at-17.00.37.jpeg\",\"datePublished\":\"2025-03-05T11:09:36+00:00\",\"dateModified\":\"2025-05-21T10:58:52+00:00\",\"breadcrumb\":{\"@id\":\"https:\/\/www.estilguru.com\/pt-pt\/impermeabilizacao-de-varandas\/#breadcrumb\"},\"inLanguage\":\"pt-PT\",\"potentialAction\":[{\"@type\":\"ReadAction\",\"target\":[\"https:\/\/www.estilguru.com\/pt-pt\/impermeabilizacao-de-varandas\/\"]}]},{\"@type\":\"ImageObject\",\"inLanguage\":\"pt-PT\",\"@id\":\"https:\/\/www.estilguru.com\/pt-pt\/impermeabilizacao-de-varandas\/#primaryimage\",\"url\":\"https:\/\/www.estilguru.com\/wp-content\/uploads\/2025\/01\/WhatsApp-Image-2022-10-06-at-17.00.37.jpeg\",\"contentUrl\":\"https:\/\/www.estilguru.com\/wp-content\/uploads\/2025\/01\/WhatsApp-Image-2022-10-06-at-17.00.37.jpeg\",\"width\":1536,\"height\":2048,\"caption\":\"impermeabilizaci\u00f3n de balcon\"},{\"@type\":\"BreadcrumbList\",\"@id\":\"https:\/\/www.estilguru.com\/pt-pt\/impermeabilizacao-de-varandas\/#breadcrumb\",\"itemListElement\":[{\"@type\":\"ListItem\",\"position\":1,\"name\":\"Home\",\"item\":\"https:\/\/www.estilguru.com\/pt-pt\/\"},{\"@type\":\"ListItem\",\"position\":2,\"name\":\"Impermeabiliza\u00e7\u00e3o de varandas: Uma necessidade incubada\"}]},{\"@type\":\"WebSite\",\"@id\":\"https:\/\/www.estilguru.com\/pt-pt\/#website\",\"url\":\"https:\/\/www.estilguru.com\/pt-pt\/\",\"name\":\"Estil Guru\",\"description\":\"Sistemas de ducha e impermeabilizaci\u00f3n\",\"publisher\":{\"@id\":\"https:\/\/www.estilguru.com\/pt-pt\/#organization\"},\"potentialAction\":[{\"@type\":\"SearchAction\",\"target\":{\"@type\":\"EntryPoint\",\"urlTemplate\":\"https:\/\/www.estilguru.com\/pt-pt\/?s={search_term_string}\"},\"query-input\":{\"@type\":\"PropertyValueSpecification\",\"valueRequired\":true,\"valueName\":\"search_term_string\"}}],\"inLanguage\":\"pt-PT\"},{\"@type\":\"Organization\",\"@id\":\"https:\/\/www.estilguru.com\/pt-pt\/#organization\",\"name\":\"Estil Guru\",\"url\":\"https:\/\/www.estilguru.com\/pt-pt\/\",\"logo\":{\"@type\":\"ImageObject\",\"inLanguage\":\"pt-PT\",\"@id\":\"https:\/\/www.estilguru.com\/pt-pt\/#\/schema\/logo\/image\/\",\"url\":\"https:\/\/www.estilguru.com\/wp-content\/uploads\/2022\/09\/LOGO-GURU-horizontal-centrado-01.png\",\"contentUrl\":\"https:\/\/www.estilguru.com\/wp-content\/uploads\/2022\/09\/LOGO-GURU-horizontal-centrado-01.png\",\"width\":2000,\"height\":663,\"caption\":\"Estil Guru\"},\"image\":{\"@id\":\"https:\/\/www.estilguru.com\/pt-pt\/#\/schema\/logo\/image\/\"}},{\"@type\":\"Person\",\"@id\":\"https:\/\/www.estilguru.com\/pt-pt\/#\/schema\/person\/d3fc5a1b603da80b44c9688ab1e550f1\",\"name\":\"estilguru\",\"image\":{\"@type\":\"ImageObject\",\"inLanguage\":\"pt-PT\",\"@id\":\"https:\/\/www.estilguru.com\/pt-pt\/#\/schema\/person\/image\/\",\"url\":\"https:\/\/secure.gravatar.com\/avatar\/7545ee2b179bf7ff0661e59cb8a35e8e1bb085a0a638b423d020c30a57b17c67?s=96&d=mm&r=g\",\"contentUrl\":\"https:\/\/secure.gravatar.com\/avatar\/7545ee2b179bf7ff0661e59cb8a35e8e1bb085a0a638b423d020c30a57b17c67?s=96&d=mm&r=g\",\"caption\":\"estilguru\"},\"sameAs\":[\"http:\/\/www.estilguru.com\"],\"url\":\"https:\/\/www.estilguru.com\/pt-pt\/author\/estilguru\/\"}]}<\/script>\n<!-- \/ Yoast SEO plugin. -->","yoast_head_json":{"title":"Impermeabiliza\u00e7\u00e3o de varandas: Uma necessidade incubada - Estil Guru","robots":{"index":"index","follow":"follow","max-snippet":"max-snippet:-1","max-image-preview":"max-image-preview:large","max-video-preview":"max-video-preview:-1"},"canonical":"https:\/\/www.estilguru.com\/pt-pt\/impermeabilizacao-de-varandas\/","og_locale":"pt_PT","og_type":"article","og_title":"Impermeabiliza\u00e7\u00e3o de varandas: Uma necessidade incubada - Estil Guru","og_description":"Conte\u00fado A impermeabiliza\u00e7\u00e3o de varandas \u00e9 um aspeto importante da manuten\u00e7\u00e3o de uma casa que protege contra danos causados pela \u00e1gua, previne problemas estruturais a longo prazo e melhora a qualidade de vida dos moradores. Neste guia, vamos explorar v\u00e1rios m\u00e9todos de impermeabiliza\u00e7\u00e3o de varandas, com especial destaque para as inovadoras telas EVAC, e real\u00e7ar &hellip; Impermeabiliza\u00e7\u00e3o de varandas: Uma necessidade incubada Read More &raquo;","og_url":"https:\/\/www.estilguru.com\/pt-pt\/impermeabilizacao-de-varandas\/","og_site_name":"Estil Guru","article_published_time":"2025-03-05T11:09:36+00:00","article_modified_time":"2025-05-21T10:58:52+00:00","og_image":[{"width":1536,"height":2048,"url":"https:\/\/www.estilguru.com\/wp-content\/uploads\/2025\/01\/WhatsApp-Image-2022-10-06-at-17.00.37.jpeg","type":"image\/jpeg"}],"author":"estilguru","twitter_card":"summary_large_image","twitter_misc":{"Escrito por":"estilguru","Tempo estimado de leitura":"5 minutos"},"schema":{"@context":"https:\/\/schema.org","@graph":[{"@type":"Article","@id":"https:\/\/www.estilguru.com\/pt-pt\/impermeabilizacao-de-varandas\/#article","isPartOf":{"@id":"https:\/\/www.estilguru.com\/pt-pt\/impermeabilizacao-de-varandas\/"},"author":{"name":"estilguru","@id":"https:\/\/www.estilguru.com\/pt-pt\/#\/schema\/person\/d3fc5a1b603da80b44c9688ab1e550f1"},"headline":"Impermeabiliza\u00e7\u00e3o de varandas: Uma necessidade incubada","datePublished":"2025-03-05T11:09:36+00:00","dateModified":"2025-05-21T10:58:52+00:00","mainEntityOfPage":{"@id":"https:\/\/www.estilguru.com\/pt-pt\/impermeabilizacao-de-varandas\/"},"wordCount":912,"publisher":{"@id":"https:\/\/www.estilguru.com\/pt-pt\/#organization"},"image":{"@id":"https:\/\/www.estilguru.com\/pt-pt\/impermeabilizacao-de-varandas\/#primaryimage"},"thumbnailUrl":"https:\/\/www.estilguru.com\/wp-content\/uploads\/2025\/01\/WhatsApp-Image-2022-10-06-at-17.00.37.jpeg","articleSection":["Impermeabiliza\u00e7\u00e3o"],"inLanguage":"pt-PT"},{"@type":"WebPage","@id":"https:\/\/www.estilguru.com\/pt-pt\/impermeabilizacao-de-varandas\/","url":"https:\/\/www.estilguru.com\/pt-pt\/impermeabilizacao-de-varandas\/","name":"Impermeabiliza\u00e7\u00e3o de varandas: Uma necessidade incubada - Estil Guru","isPartOf":{"@id":"https:\/\/www.estilguru.com\/pt-pt\/#website"},"primaryImageOfPage":{"@id":"https:\/\/www.estilguru.com\/pt-pt\/impermeabilizacao-de-varandas\/#primaryimage"},"image":{"@id":"https:\/\/www.estilguru.com\/pt-pt\/impermeabilizacao-de-varandas\/#primaryimage"},"thumbnailUrl":"https:\/\/www.estilguru.com\/wp-content\/uploads\/2025\/01\/WhatsApp-Image-2022-10-06-at-17.00.37.jpeg","datePublished":"2025-03-05T11:09:36+00:00","dateModified":"2025-05-21T10:58:52+00:00","breadcrumb":{"@id":"https:\/\/www.estilguru.com\/pt-pt\/impermeabilizacao-de-varandas\/#breadcrumb"},"inLanguage":"pt-PT","potentialAction":[{"@type":"ReadAction","target":["https:\/\/www.estilguru.com\/pt-pt\/impermeabilizacao-de-varandas\/"]}]},{"@type":"ImageObject","inLanguage":"pt-PT","@id":"https:\/\/www.estilguru.com\/pt-pt\/impermeabilizacao-de-varandas\/#primaryimage","url":"https:\/\/www.estilguru.com\/wp-content\/uploads\/2025\/01\/WhatsApp-Image-2022-10-06-at-17.00.37.jpeg","contentUrl":"https:\/\/www.estilguru.com\/wp-content\/uploads\/2025\/01\/WhatsApp-Image-2022-10-06-at-17.00.37.jpeg","width":1536,"height":2048,"caption":"impermeabilizaci\u00f3n de balcon"},{"@type":"BreadcrumbList","@id":"https:\/\/www.estilguru.com\/pt-pt\/impermeabilizacao-de-varandas\/#breadcrumb","itemListElement":[{"@type":"ListItem","position":1,"name":"Home","item":"https:\/\/www.estilguru.com\/pt-pt\/"},{"@type":"ListItem","position":2,"name":"Impermeabiliza\u00e7\u00e3o de varandas: Uma necessidade incubada"}]},{"@type":"WebSite","@id":"https:\/\/www.estilguru.com\/pt-pt\/#website","url":"https:\/\/www.estilguru.com\/pt-pt\/","name":"Estil Guru","description":"Sistemas de ducha e impermeabilizaci\u00f3n","publisher":{"@id":"https:\/\/www.estilguru.com\/pt-pt\/#organization"},"potentialAction":[{"@type":"SearchAction","target":{"@type":"EntryPoint","urlTemplate":"https:\/\/www.estilguru.com\/pt-pt\/?s={search_term_string}"},"query-input":{"@type":"PropertyValueSpecification","valueRequired":true,"valueName":"search_term_string"}}],"inLanguage":"pt-PT"},{"@type":"Organization","@id":"https:\/\/www.estilguru.com\/pt-pt\/#organization","name":"Estil Guru","url":"https:\/\/www.estilguru.com\/pt-pt\/","logo":{"@type":"ImageObject","inLanguage":"pt-PT","@id":"https:\/\/www.estilguru.com\/pt-pt\/#\/schema\/logo\/image\/","url":"https:\/\/www.estilguru.com\/wp-content\/uploads\/2022\/09\/LOGO-GURU-horizontal-centrado-01.png","contentUrl":"https:\/\/www.estilguru.com\/wp-content\/uploads\/2022\/09\/LOGO-GURU-horizontal-centrado-01.png","width":2000,"height":663,"caption":"Estil Guru"},"image":{"@id":"https:\/\/www.estilguru.com\/pt-pt\/#\/schema\/logo\/image\/"}},{"@type":"Person","@id":"https:\/\/www.estilguru.com\/pt-pt\/#\/schema\/person\/d3fc5a1b603da80b44c9688ab1e550f1","name":"estilguru","image":{"@type":"ImageObject","inLanguage":"pt-PT","@id":"https:\/\/www.estilguru.com\/pt-pt\/#\/schema\/person\/image\/","url":"https:\/\/secure.gravatar.com\/avatar\/7545ee2b179bf7ff0661e59cb8a35e8e1bb085a0a638b423d020c30a57b17c67?s=96&d=mm&r=g","contentUrl":"https:\/\/secure.gravatar.com\/avatar\/7545ee2b179bf7ff0661e59cb8a35e8e1bb085a0a638b423d020c30a57b17c67?s=96&d=mm&r=g","caption":"estilguru"},"sameAs":["http:\/\/www.estilguru.com"],"url":"https:\/\/www.estilguru.com\/pt-pt\/author\/estilguru\/"}]}},"_links":{"self":[{"href":"https:\/\/www.estilguru.com\/pt-pt\/wp-json\/wp\/v2\/posts\/23599","targetHints":{"allow":["GET"]}}],"collection":[{"href":"https:\/\/www.estilguru.com\/pt-pt\/wp-json\/wp\/v2\/posts"}],"about":[{"href":"https:\/\/www.estilguru.com\/pt-pt\/wp-json\/wp\/v2\/types\/post"}],"author":[{"embeddable":true,"href":"https:\/\/www.estilguru.com\/pt-pt\/wp-json\/wp\/v2\/users\/1"}],"replies":[{"embeddable":true,"href":"https:\/\/www.estilguru.com\/pt-pt\/wp-json\/wp\/v2\/comments?post=23599"}],"version-history":[{"count":0,"href":"https:\/\/www.estilguru.com\/pt-pt\/wp-json\/wp\/v2\/posts\/23599\/revisions"}],"wp:featuredmedia":[{"embeddable":true,"href":"https:\/\/www.estilguru.com\/pt-pt\/wp-json\/wp\/v2\/media\/21303"}],"wp:attachment":[{"href":"https:\/\/www.estilguru.com\/pt-pt\/wp-json\/wp\/v2\/media?parent=23599"}],"wp:term":[{"taxonomy":"category","embeddable":true,"href":"https:\/\/www.estilguru.com\/pt-pt\/wp-json\/wp\/v2\/categories?post=23599"},{"taxonomy":"post_tag","embeddable":true,"href":"https:\/\/www.estilguru.com\/pt-pt\/wp-json\/wp\/v2\/tags?post=23599"}],"curies":[{"name":"wp","href":"https:\/\/api.w.org\/{rel}","templated":true}]}}