{"id":18682,"date":"2024-01-22T08:04:47","date_gmt":"2024-01-22T08:04:47","guid":{"rendered":"https:\/\/www.estilguru.com\/terrasses-modernes-tendances-en-2024\/"},"modified":"2025-03-05T11:10:16","modified_gmt":"2025-03-05T11:10:16","slug":"terrasses-modernes-tendances-en-2024","status":"publish","type":"post","link":"https:\/\/www.estilguru.com\/fr\/terrasses-modernes-tendances-en-2024\/","title":{"rendered":"Terrasses modernes : tendances en 2024"},"content":{"rendered":"\t\t<div data-elementor-type=\"wp-post\" data-elementor-id=\"18682\" class=\"elementor elementor-18682 elementor-18573\" data-elementor-settings=\"{&quot;ha_cmc_init_switcher&quot;:&quot;no&quot;}\" data-elementor-post-type=\"post\">\n\t\t\t\t<div class=\"elementor-element elementor-element-789b8cf e-flex e-con-boxed e-con e-parent\" data-id=\"789b8cf\" data-element_type=\"container\" data-e-type=\"container\" data-settings=\"{&quot;_ha_eqh_enable&quot;:false}\">\n\t\t\t\t\t<div class=\"e-con-inner\">\n\t\t\t\t<div class=\"elementor-element elementor-element-268b786 elementor-widget elementor-widget-text-editor\" data-id=\"268b786\" data-element_type=\"widget\" data-e-type=\"widget\" data-widget_type=\"text-editor.default\">\n\t\t\t\t<div class=\"elementor-widget-container\">\n\t\t\t\t\t\t\t\t\t<p>Les terrasses modernes ont d\u00e9pass\u00e9 le stade de simples espaces ext\u00e9rieurs pour devenir des extensions \u00e9l\u00e9gantes et fonctionnelles de nos maisons. Cet article explore les tendances et les \u00e9l\u00e9ments cl\u00e9s qui d\u00e9finissent les terrasses modernes, des designs de luxe aux solutions innovantes pour prot\u00e9ger et am\u00e9liorer ces espaces uniques.<\/p>\n\t\t\t\t\t\t\t\t<\/div>\n\t\t\t\t<\/div>\n\t\t\t\t\t<\/div>\n\t\t\t\t<\/div>\n\t\t<div class=\"elementor-element elementor-element-d3959cb e-flex e-con-boxed e-con e-parent\" data-id=\"d3959cb\" data-element_type=\"container\" data-e-type=\"container\" data-settings=\"{&quot;_ha_eqh_enable&quot;:false}\">\n\t\t\t\t\t<div class=\"e-con-inner\">\n\t\t\t\t<div class=\"elementor-element elementor-element-f22c037 elementor-toc--minimized-on-tablet elementor-widget elementor-widget-table-of-contents\" data-id=\"f22c037\" data-element_type=\"widget\" data-e-type=\"widget\" data-settings=\"{&quot;exclude_headings_by_selector&quot;:[],&quot;headings_by_tags&quot;:[&quot;h2&quot;,&quot;h3&quot;,&quot;h4&quot;,&quot;h5&quot;,&quot;h6&quot;],&quot;marker_view&quot;:&quot;numbers&quot;,&quot;no_headings_message&quot;:&quot;No headings were found on this page.&quot;,&quot;minimize_box&quot;:&quot;yes&quot;,&quot;minimized_on&quot;:&quot;tablet&quot;,&quot;hierarchical_view&quot;:&quot;yes&quot;,&quot;min_height&quot;:{&quot;unit&quot;:&quot;px&quot;,&quot;size&quot;:&quot;&quot;,&quot;sizes&quot;:[]},&quot;min_height_tablet&quot;:{&quot;unit&quot;:&quot;px&quot;,&quot;size&quot;:&quot;&quot;,&quot;sizes&quot;:[]},&quot;min_height_mobile&quot;:{&quot;unit&quot;:&quot;px&quot;,&quot;size&quot;:&quot;&quot;,&quot;sizes&quot;:[]}}\" data-widget_type=\"table-of-contents.default\">\n\t\t\t\t<div class=\"elementor-widget-container\">\n\t\t\t\t\t\t\t\t\t<div class=\"elementor-toc__header\">\n\t\t\t\t\t\t<h4 class=\"elementor-toc__header-title\">\n\t\t\t\tTable des mati\u00e8res\t\t\t<\/h4>\n\t\t\t\t\t\t\t\t\t\t<div class=\"elementor-toc__toggle-button elementor-toc__toggle-button--expand\" role=\"button\" tabindex=\"0\" aria-controls=\"elementor-toc__f22c037\" aria-expanded=\"true\" aria-label=\"Open table of contents\"><i aria-hidden=\"true\" class=\"fas fa-chevron-down\"><\/i><\/div>\n\t\t\t\t<div class=\"elementor-toc__toggle-button elementor-toc__toggle-button--collapse\" role=\"button\" tabindex=\"0\" aria-controls=\"elementor-toc__f22c037\" aria-expanded=\"true\" aria-label=\"Close table of contents\"><i aria-hidden=\"true\" class=\"fas fa-chevron-up\"><\/i><\/div>\n\t\t\t\t\t<\/div>\n\t\t\t\t<div id=\"elementor-toc__f22c037\" class=\"elementor-toc__body\">\n\t\t\t<div class=\"elementor-toc__spinner-container\">\n\t\t\t\t<i class=\"elementor-toc__spinner eicon-animation-spin eicon-loading\" aria-hidden=\"true\"><\/i>\t\t\t<\/div>\n\t\t<\/div>\n\t\t\t\t\t\t<\/div>\n\t\t\t\t<\/div>\n\t\t\t\t\t<\/div>\n\t\t\t\t<\/div>\n\t\t<div class=\"elementor-element elementor-element-f0d3372 e-flex e-con-boxed e-con e-parent\" data-id=\"f0d3372\" data-element_type=\"container\" data-e-type=\"container\" data-settings=\"{&quot;_ha_eqh_enable&quot;:false}\">\n\t\t\t\t\t<div class=\"e-con-inner\">\n\t\t\t\t<div class=\"elementor-element elementor-element-410dff0 elementor-widget elementor-widget-heading\" data-id=\"410dff0\" data-element_type=\"widget\" data-e-type=\"widget\" data-widget_type=\"heading.default\">\n\t\t\t\t<div class=\"elementor-widget-container\">\n\t\t\t\t\t<h2 class=\"elementor-heading-title elementor-size-default\">D\u00e9couvrir l'\u00e9l\u00e9gance des terrasses modernes<\/h2>\t\t\t\t<\/div>\n\t\t\t\t<\/div>\n\t\t\t\t\t<\/div>\n\t\t\t\t<\/div>\n\t\t<div class=\"elementor-element elementor-element-43ff434 e-flex e-con-boxed e-con e-parent\" data-id=\"43ff434\" data-element_type=\"container\" data-e-type=\"container\" data-settings=\"{&quot;_ha_eqh_enable&quot;:false}\">\n\t\t\t\t\t<div class=\"e-con-inner\">\n\t\t\t\t<div class=\"elementor-element elementor-element-2e52669 elementor-widget elementor-widget-text-editor\" data-id=\"2e52669\" data-element_type=\"widget\" data-e-type=\"widget\" data-widget_type=\"text-editor.default\">\n\t\t\t\t<div class=\"elementor-widget-container\">\n\t\t\t\t\t\t\t\t\t<p>Les terrasses modernes ne sont pas simplement des espaces dans votre maison ; ce sont des d\u00e9clarations de style qui fusionnent le confort et la s\u00e9curit\u00e9 avec les derni\u00e8res tendances en mati\u00e8re de design contemporain. La s\u00e9lection du mobilier, le choix de mat\u00e9riaux de haute qualit\u00e9 et l&rsquo;attention port\u00e9e aux d\u00e9tails sont essentiels pour cr\u00e9er un environnement qui refl\u00e8te la modernit\u00e9 et offre une exp\u00e9rience unique en plein air. De la palette de couleurs \u00e0 la disposition du mobilier, chaque d\u00e9cision contribue \u00e0 la cr\u00e9ation d&rsquo;un espace ext\u00e9rieur non seulement fonctionnel, mais aussi esth\u00e9tique.<\/p>\n\t\t\t\t\t\t\t\t<\/div>\n\t\t\t\t<\/div>\n\t\t\t\t\t<\/div>\n\t\t\t\t<\/div>\n\t\t<div class=\"elementor-element elementor-element-4c50737 e-flex e-con-boxed e-con e-parent\" data-id=\"4c50737\" data-element_type=\"container\" data-e-type=\"container\" data-settings=\"{&quot;_ha_eqh_enable&quot;:false}\">\n\t\t\t\t\t<div class=\"e-con-inner\">\n\t\t\t\t<div class=\"elementor-element elementor-element-5e39665 elementor-widget elementor-widget-heading\" data-id=\"5e39665\" data-element_type=\"widget\" data-e-type=\"widget\" data-widget_type=\"heading.default\">\n\t\t\t\t<div class=\"elementor-widget-container\">\n\t\t\t\t\t<h3 class=\"elementor-heading-title elementor-size-default\">Terrasses modernes sur le toit : tirer le meilleur parti de l'espace vertical<\/h3>\t\t\t\t<\/div>\n\t\t\t\t<\/div>\n\t\t\t\t\t<\/div>\n\t\t\t\t<\/div>\n\t\t<div class=\"elementor-element elementor-element-d5baa46 e-flex e-con-boxed e-con e-parent\" data-id=\"d5baa46\" data-element_type=\"container\" data-e-type=\"container\" data-settings=\"{&quot;_ha_eqh_enable&quot;:false}\">\n\t\t\t\t\t<div class=\"e-con-inner\">\n\t\t\t\t<div class=\"elementor-element elementor-element-a2a15e2 elementor-widget elementor-widget-text-editor\" data-id=\"a2a15e2\" data-element_type=\"widget\" data-e-type=\"widget\" data-widget_type=\"text-editor.default\">\n\t\t\t\t<div class=\"elementor-widget-container\">\n\t\t\t\t\t\t\t\t\t<p>Les toits-terrasses ont connu un essor consid\u00e9rable en tant que moyen innovant d&rsquo;utiliser l&rsquo;espace vertical. Ces zones offrent non seulement des vues \u00e0 couper le souffle, mais aussi la possibilit\u00e9 de cr\u00e9er une oasis urbaine alliant design moderne et fonctionnalit\u00e9. L&rsquo;int\u00e9gration de plantes, de mobilier contemporain et de solutions cr\u00e9atives maximise le potentiel de ces espaces sur\u00e9lev\u00e9s. En outre, l&rsquo;utilisation strat\u00e9gique d&rsquo;\u00e9l\u00e9ments tels que les pergolas et les auvents permet non seulement de cr\u00e9er de l&rsquo;ombre, mais aussi d&rsquo;ajouter une touche architecturale, transformant ainsi un simple toit en un espace ext\u00e9rieur exceptionnel.<\/p>\n<p>La modernit\u00e9 ne se limite pas \u00e0 la taille. M\u00eame dans des espaces plus restreints, il est possible de r\u00e9aliser des petites terrasses modernes \u00e9blouissantes. La cl\u00e9 r\u00e9side dans le choix d&rsquo;un mobilier compact et de solutions d&rsquo;am\u00e9nagement intelligentes qui optimisent chaque centim\u00e8tre disponible. Les petites terrasses, mais avec un grand impact visuel et fonctionnel, sont le r\u00e9sultat de la cr\u00e9ativit\u00e9 dans la disposition des \u00e9l\u00e9ments et le choix des couleurs. Des meubles pliants aux jardini\u00e8res verticales, les options sont multiples pour cr\u00e9er des petites terrasses qui d\u00e9bordent de style et de praticit\u00e9.<\/p>\n\t\t\t\t\t\t\t\t<\/div>\n\t\t\t\t<\/div>\n\t\t\t\t\t<\/div>\n\t\t\t\t<\/div>\n\t\t<div class=\"elementor-element elementor-element-2abc5c9 e-flex e-con-boxed e-con e-parent\" data-id=\"2abc5c9\" data-element_type=\"container\" data-e-type=\"container\" data-settings=\"{&quot;_ha_eqh_enable&quot;:false}\">\n\t\t\t\t\t<div class=\"e-con-inner\">\n\t\t\t\t<div class=\"elementor-element elementor-element-4a75f99 elementor-widget elementor-widget-image\" data-id=\"4a75f99\" data-element_type=\"widget\" data-e-type=\"widget\" data-widget_type=\"image.default\">\n\t\t\t\t<div class=\"elementor-widget-container\">\n\t\t\t\t\t\t\t\t\t\t\t\t\t\t\t<img fetchpriority=\"high\" decoding=\"async\" width=\"1024\" height=\"724\" src=\"https:\/\/www.estilguru.com\/wp-content\/uploads\/2024\/01\/proteccion-de-Terrazas-modernas-1024x724.jpg\" class=\"attachment-large size-large wp-image-18590\" alt=\"Protecci\u00f3n terraza moderna\" srcset=\"https:\/\/www.estilguru.com\/wp-content\/uploads\/2024\/01\/proteccion-de-Terrazas-modernas-1024x724.jpg 1024w, https:\/\/www.estilguru.com\/wp-content\/uploads\/2024\/01\/proteccion-de-Terrazas-modernas-300x212.jpg 300w, https:\/\/www.estilguru.com\/wp-content\/uploads\/2024\/01\/proteccion-de-Terrazas-modernas-768x543.jpg 768w, https:\/\/www.estilguru.com\/wp-content\/uploads\/2024\/01\/proteccion-de-Terrazas-modernas-600x424.jpg 600w, https:\/\/www.estilguru.com\/wp-content\/uploads\/2024\/01\/proteccion-de-Terrazas-modernas.jpg 1500w\" sizes=\"(max-width: 1024px) 100vw, 1024px\" \/>\t\t\t\t\t\t\t\t\t\t\t\t\t\t\t<\/div>\n\t\t\t\t<\/div>\n\t\t\t\t\t<\/div>\n\t\t\t\t<\/div>\n\t\t<div class=\"elementor-element elementor-element-1e46ef0 e-flex e-con-boxed e-con e-parent\" data-id=\"1e46ef0\" data-element_type=\"container\" data-e-type=\"container\" data-settings=\"{&quot;_ha_eqh_enable&quot;:false}\">\n\t\t\t\t\t<div class=\"e-con-inner\">\n\t\t\t\t<div class=\"elementor-element elementor-element-3130a6a elementor-widget elementor-widget-heading\" data-id=\"3130a6a\" data-element_type=\"widget\" data-e-type=\"widget\" data-widget_type=\"heading.default\">\n\t\t\t\t<div class=\"elementor-widget-container\">\n\t\t\t\t\t<h3 class=\"elementor-heading-title elementor-size-default\">Concepts innovants pour la d\u00e9coration moderne des terrasses<\/h3>\t\t\t\t<\/div>\n\t\t\t\t<\/div>\n\t\t\t\t\t<\/div>\n\t\t\t\t<\/div>\n\t\t<div class=\"elementor-element elementor-element-88fc1aa e-flex e-con-boxed e-con e-parent\" data-id=\"88fc1aa\" data-element_type=\"container\" data-e-type=\"container\" data-settings=\"{&quot;_ha_eqh_enable&quot;:false}\">\n\t\t\t\t\t<div class=\"e-con-inner\">\n\t\t\t\t<div class=\"elementor-element elementor-element-2571d62 elementor-widget elementor-widget-text-editor\" data-id=\"2571d62\" data-element_type=\"widget\" data-e-type=\"widget\" data-widget_type=\"text-editor.default\">\n\t\t\t\t<div class=\"elementor-widget-container\">\n\t\t\t\t\t\t\t\t\t<ul>\n<li><strong>Int\u00e8gre l&rsquo;esth\u00e9tique et l&rsquo;utilit\u00e9<\/strong><\/li>\n<\/ul>\n<p>La r\u00e9novation et la d\u00e9coration des terrasses modernes se concentrent sur l&rsquo;int\u00e9gration parfaite de l&rsquo;esth\u00e9tique et de la fonctionnalit\u00e9. Cet \u00e9quilibre est crucial pour cr\u00e9er des environnements ext\u00e9rieurs qui sont non seulement visuellement \u00e9tonnants, mais aussi pratiques et confortables. <\/p>\n<ul>\n<li><strong>Optimise la r\u00e9partition de l&rsquo;espace<\/strong><\/li>\n<\/ul>\n<p>Qu&rsquo;il s&rsquo;agisse de coins de d\u00e9tente, de repas en plein air ou d&rsquo;espaces de lecture, l&rsquo;optimisation de l&rsquo;espace est essentielle pour maximiser le potentiel de chaque zone de la terrasse moderne, en r\u00e9pondant aux pr\u00e9f\u00e9rences et aux besoins sp\u00e9cifiques de chaque utilisateur.<\/p>\n<p>Pour les grandes terrasses modernes, les possibilit\u00e9s s&rsquo;\u00e9largissent consid\u00e9rablement. Si vous avez la chance de disposer d&rsquo;un tel espace, vous pouvez le diviser en diff\u00e9rentes zones pour en tirer le meilleur parti : un espace avec une grande table pour les d\u00eeners entre amis, une zone de d\u00e9tente avec des canap\u00e9s d&rsquo;ext\u00e9rieur confortables, un coin avec un hamac id\u00e9al pour se d\u00e9tendre ou profiter d&rsquo;un bon livre. <\/p>\n<ul>\n<li><strong>Incorporer des solutions de bo\u00eetiers modernes  <\/strong><\/li>\n<\/ul>\n<p>Les cl\u00f4tures sont essentielles sur les terrasses modernes, car elles fournissent de l&rsquo;ombre, de l&rsquo;intimit\u00e9 et de la protection tout en ajoutant une touche de modernit\u00e9 \u00e0 l&rsquo;ensemble. La cr\u00e9ation de zones ombrag\u00e9es est essentielle pour profiter de la terrasse moderne, m\u00eame pendant les journ\u00e9es les plus ensoleill\u00e9es, tout en offrant un abri contre le vent et la pluie. Les pergolas bioclimatiques sont une solution id\u00e9ale, permettant un contr\u00f4le \u00e9troit de la lumi\u00e8re et de la ventilation gr\u00e2ce \u00e0 leurs lamelles r\u00e9glables, ce qui en fait une option polyvalente et \u00e9l\u00e9gante pour toute terrasse moderne.  <\/p>\n<p>Pour plus de protection et d&rsquo;intimit\u00e9 sur une terrasse moderne, les rideaux de verre sont un excellent choix. Fonctionnels et transparents, ces rideaux s&rsquo;int\u00e8grent sans effort au style moderne de la terrasse, donnant une impression d&rsquo;espace et de sophistication sans interruption visuelle. <\/p>\n<ul>\n<li><strong>\u00c9clairage d&rsquo;avant-garde pour la d\u00e9coration des terrasses  <\/strong><\/li>\n<\/ul>\n<p>L&rsquo;\u00e9clairage est un \u00e9l\u00e9ment essentiel de la d\u00e9coration des terrasses modernes. Le choix du bon \u00e9clairage peut transformer radicalement l&rsquo;atmosph\u00e8re de votre espace ext\u00e9rieur. Pour accentuer l&rsquo;esth\u00e9tique moderne, l&rsquo;\u00e9clairage int\u00e9gr\u00e9, notamment celui des pergolas bioclimatiques avec des LED blanches et RVB r\u00e9glables, est id\u00e9al. Combinez cet \u00e9clairage principal avec des \u00e9l\u00e9ments d&rsquo;\u00e9clairage d\u00e9coratifs, tels que des lampadaires \u00e9l\u00e9gants ou des lanternes modernes, pour cr\u00e9er un espace ext\u00e9rieur attrayant et fonctionnel.   <\/p>\n\t\t\t\t\t\t\t\t<\/div>\n\t\t\t\t<\/div>\n\t\t\t\t\t<\/div>\n\t\t\t\t<\/div>\n\t\t<div class=\"elementor-element elementor-element-5acc796 e-flex e-con-boxed e-con e-parent\" data-id=\"5acc796\" data-element_type=\"container\" data-e-type=\"container\" data-settings=\"{&quot;_ha_eqh_enable&quot;:false}\">\n\t\t\t\t\t<div class=\"e-con-inner\">\n\t\t\t\t<div class=\"elementor-element elementor-element-6f15818 elementor-widget elementor-widget-heading\" data-id=\"6f15818\" data-element_type=\"widget\" data-e-type=\"widget\" data-widget_type=\"heading.default\">\n\t\t\t\t<div class=\"elementor-widget-container\">\n\t\t\t\t\t<h2 class=\"elementor-heading-title elementor-size-default\">Tendances de la d\u00e9coration des terrasses<\/h2>\t\t\t\t<\/div>\n\t\t\t\t<\/div>\n\t\t\t\t<div class=\"elementor-element elementor-element-3320909 elementor-widget elementor-widget-text-editor\" data-id=\"3320909\" data-element_type=\"widget\" data-e-type=\"widget\" data-widget_type=\"text-editor.default\">\n\t\t\t\t<div class=\"elementor-widget-container\">\n\t\t\t\t\t\t\t\t\t<p>Les tendances en mati\u00e8re de d\u00e9coration de terrasse moderne sont en constante \u00e9volution, mais voici quelques-unes des plus populaires pour 2024 :<\/p>\n<ul>\n<li>Durabilit\u00e9 : Les pr\u00e9occupations environnementales influencent de plus en plus les tendances en mati\u00e8re de d\u00e9coration des terrasses modernes, soulignant l&rsquo;importance des mat\u00e9riaux durables et d&rsquo;un \u00e9clairage efficace.<\/li>\n<li>L&rsquo;\u00e9clairage intelligent : Les solutions d&rsquo;\u00e9clairage intelligent permettent de cr\u00e9er des ambiances personnalis\u00e9es, ajoutant fonctionnalit\u00e9 et confort \u00e0 la terrasse moderne.<\/li>\n<li>Des espaces polyvalents : la conception intelligente de la terrasse moderne en fait un lieu polyvalent, id\u00e9al pour une vari\u00e9t\u00e9 d&rsquo;activit\u00e9s telles que se divertir, faire de l&rsquo;exercice ou simplement se d\u00e9tendre.<\/li>\n<li>Meubles \u00e9l\u00e9gants : lors du choix des meubles, optez pour des pi\u00e8ces design qui donnent de la personnalit\u00e9 et du style \u00e0 votre terrasse moderne. Mettez l&rsquo;accent sur la tendance du mobilier minimaliste \u00e0 usages multiples, c&rsquo;est-\u00e0-dire des meubles qui peuvent \u00eatre cach\u00e9s pour cr\u00e9er une sensation d&rsquo;espace. <\/li>\n<li>Palette de couleurs neutres : Les tons neutres pr\u00e9dominent sur les terrasses modernes, m\u00eame si des accents de couleur dans les d\u00e9tails et les accessoires peuvent \u00e9gayer l&rsquo;espace.<\/li>\n<\/ul>\n\t\t\t\t\t\t\t\t<\/div>\n\t\t\t\t<\/div>\n\t\t\t\t\t<\/div>\n\t\t\t\t<\/div>\n\t\t<div class=\"elementor-element elementor-element-b2ea2dc e-flex e-con-boxed e-con e-parent\" data-id=\"b2ea2dc\" data-element_type=\"container\" data-e-type=\"container\" data-settings=\"{&quot;_ha_eqh_enable&quot;:false}\">\n\t\t\t\t\t<div class=\"e-con-inner\">\n\t\t\t\t<div class=\"elementor-element elementor-element-099b6cd elementor-widget elementor-widget-image\" data-id=\"099b6cd\" data-element_type=\"widget\" data-e-type=\"widget\" data-widget_type=\"image.default\">\n\t\t\t\t<div class=\"elementor-widget-container\">\n\t\t\t\t\t\t\t\t\t\t\t\t\t\t\t<img decoding=\"async\" width=\"1024\" height=\"576\" src=\"https:\/\/www.estilguru.com\/wp-content\/uploads\/2024\/01\/penthouse-decorado-lujosos-muebles-planeados-disenados-vista-ciudad-5-1024x576.jpg\" class=\"attachment-large size-large wp-image-19253\" alt=\"Decoraci\u00f3n de terrazas modernas\" srcset=\"https:\/\/www.estilguru.com\/wp-content\/uploads\/2024\/01\/penthouse-decorado-lujosos-muebles-planeados-disenados-vista-ciudad-5-1024x576.jpg 1024w, https:\/\/www.estilguru.com\/wp-content\/uploads\/2024\/01\/penthouse-decorado-lujosos-muebles-planeados-disenados-vista-ciudad-5-300x169.jpg 300w, https:\/\/www.estilguru.com\/wp-content\/uploads\/2024\/01\/penthouse-decorado-lujosos-muebles-planeados-disenados-vista-ciudad-5-768x432.jpg 768w, https:\/\/www.estilguru.com\/wp-content\/uploads\/2024\/01\/penthouse-decorado-lujosos-muebles-planeados-disenados-vista-ciudad-5-1536x864.jpg 1536w, https:\/\/www.estilguru.com\/wp-content\/uploads\/2024\/01\/penthouse-decorado-lujosos-muebles-planeados-disenados-vista-ciudad-5-2048x1152.jpg 2048w, https:\/\/www.estilguru.com\/wp-content\/uploads\/2024\/01\/penthouse-decorado-lujosos-muebles-planeados-disenados-vista-ciudad-5-600x338.jpg 600w, https:\/\/www.estilguru.com\/wp-content\/uploads\/2024\/01\/penthouse-decorado-lujosos-muebles-planeados-disenados-vista-ciudad-5.jpg 1600w\" sizes=\"(max-width: 1024px) 100vw, 1024px\" \/>\t\t\t\t\t\t\t\t\t\t\t\t\t\t\t<\/div>\n\t\t\t\t<\/div>\n\t\t\t\t\t<\/div>\n\t\t\t\t<\/div>\n\t\t<div class=\"elementor-element elementor-element-8e0c601 e-flex e-con-boxed e-con e-parent\" data-id=\"8e0c601\" data-element_type=\"container\" data-e-type=\"container\" data-settings=\"{&quot;_ha_eqh_enable&quot;:false}\">\n\t\t\t\t\t<div class=\"e-con-inner\">\n\t\t\t\t<div class=\"elementor-element elementor-element-3439234 elementor-widget elementor-widget-heading\" data-id=\"3439234\" data-element_type=\"widget\" data-e-type=\"widget\" data-widget_type=\"heading.default\">\n\t\t\t\t<div class=\"elementor-widget-container\">\n\t\t\t\t\t<h2 class=\"elementor-heading-title elementor-size-default\">Prot\u00e9gez votre terrasse moderne avec Water-Stop et G-FLEX<\/h2>\t\t\t\t<\/div>\n\t\t\t\t<\/div>\n\t\t\t\t\t<\/div>\n\t\t\t\t<\/div>\n\t\t<div class=\"elementor-element elementor-element-5df6df4 e-flex e-con-boxed e-con e-parent\" data-id=\"5df6df4\" data-element_type=\"container\" data-e-type=\"container\" data-settings=\"{&quot;_ha_eqh_enable&quot;:false}\">\n\t\t\t\t\t<div class=\"e-con-inner\">\n\t\t\t\t<div class=\"elementor-element elementor-element-bc76403 elementor-widget elementor-widget-text-editor\" data-id=\"bc76403\" data-element_type=\"widget\" data-e-type=\"widget\" data-widget_type=\"text-editor.default\">\n\t\t\t\t<div class=\"elementor-widget-container\">\n\t\t\t\t\t\t\t\t\t<p>Lors de la conception de terrasses modernes, il est essentiel de prendre en compte la protection contre les \u00e9l\u00e9ments tels que l&rsquo;humidit\u00e9 et les fuites qui pourraient endommager la structure. Les films d&rsquo;\u00e9tanch\u00e9it\u00e9 Water-Stop et les films de d\u00e9couplage G-FLEX sont deux produits remarquables pour assurer cette protection.<\/p>\n\t\t\t\t\t\t\t\t<\/div>\n\t\t\t\t<\/div>\n\t\t\t\t\t<\/div>\n\t\t\t\t<\/div>\n\t\t<div class=\"elementor-element elementor-element-ad097f6 e-flex e-con-boxed e-con e-parent\" data-id=\"ad097f6\" data-element_type=\"container\" data-e-type=\"container\" data-settings=\"{&quot;_ha_eqh_enable&quot;:false}\">\n\t\t\t\t\t<div class=\"e-con-inner\">\n\t\t\t\t<div class=\"elementor-element elementor-element-c211356 elementor-widget elementor-widget-heading\" data-id=\"c211356\" data-element_type=\"widget\" data-e-type=\"widget\" data-widget_type=\"heading.default\">\n\t\t\t\t<div class=\"elementor-widget-container\">\n\t\t\t\t\t<h3 class=\"elementor-heading-title elementor-size-default\">Water-Stop : imperm\u00e9abilisation avanc\u00e9e pour les terrasses modernes<\/h3>\t\t\t\t<\/div>\n\t\t\t\t<\/div>\n\t\t\t\t\t<\/div>\n\t\t\t\t<\/div>\n\t\t<div class=\"elementor-element elementor-element-88e567d e-flex e-con-boxed e-con e-parent\" data-id=\"88e567d\" data-element_type=\"container\" data-e-type=\"container\" data-settings=\"{&quot;_ha_eqh_enable&quot;:false}\">\n\t\t\t\t\t<div class=\"e-con-inner\">\n\t\t\t\t<div class=\"elementor-element elementor-element-c10b9d6 elementor-widget elementor-widget-text-editor\" data-id=\"c10b9d6\" data-element_type=\"widget\" data-e-type=\"widget\" data-widget_type=\"text-editor.default\">\n\t\t\t\t<div class=\"elementor-widget-container\">\n\t\t\t\t\t\t\t\t\t<p>Les&nbsp;<a href=\"https:\/\/www.estilguru.com\/fr\/feuilles-impermeables\/stratifie-impermeabilise-water-stop\/\" target=\"_blank\">&nbsp; Les feuilles d&rsquo;\u00e9tanch\u00e9it\u00e9<\/a>Water-Stop sont la solution ultime pour prot\u00e9ger vos terrasses modernes contre les fuites et l&rsquo;humidit\u00e9. Sa technologie avanc\u00e9e garantit une barri\u00e8re r\u00e9sistante \u00e0 l&rsquo;eau, \u00e9vitant les dommages structurels et pr\u00e9servant la s\u00e9curit\u00e9 et la durabilit\u00e9 de votre espace ext\u00e9rieur. La facilit\u00e9 d&rsquo;application et la durabilit\u00e9 \u00e0 long terme font de Water-Stop un choix judicieux pour l&rsquo;imperm\u00e9abilisation des terrasses modernes.<\/p>\n<p>L&rsquo;imperm\u00e9abilisation est essentielle pour pr\u00e9server l&rsquo;int\u00e9grit\u00e9 de la structure de la terrasse. Water-Stop ne se contente pas de sceller n&rsquo;importe quelle surface, mais fournit \u00e9galement une couche protectrice qui garantit que votre terrasse moderne reste impeccable quelles que soient les conditions m\u00e9t\u00e9orologiques. Des fortes pluies au soleil br\u00fblant, Water-Stop est la protection dont votre espace ext\u00e9rieur moderne a besoin pour conserver son attrait visuel et fonctionnel.<\/p>\t\t\t\t\t\t\t\t<\/div>\n\t\t\t\t<\/div>\n\t\t\t\t\t<\/div>\n\t\t\t\t<\/div>\n\t\t<div class=\"elementor-element elementor-element-7b9e6d8 e-flex e-con-boxed e-con e-parent\" data-id=\"7b9e6d8\" data-element_type=\"container\" data-e-type=\"container\" data-settings=\"{&quot;_ha_eqh_enable&quot;:false}\">\n\t\t\t\t\t<div class=\"e-con-inner\">\n\t\t\t\t<div class=\"elementor-element elementor-element-0391552 elementor-widget elementor-widget-heading\" data-id=\"0391552\" data-element_type=\"widget\" data-e-type=\"widget\" data-widget_type=\"heading.default\">\n\t\t\t\t<div class=\"elementor-widget-container\">\n\t\t\t\t\t<h3 class=\"elementor-heading-title elementor-size-default\">G-FLEX : protection et stabilit\u00e9 pour les c\u00e9ramiques de grand format<\/h3>\t\t\t\t<\/div>\n\t\t\t\t<\/div>\n\t\t\t\t\t<\/div>\n\t\t\t\t<\/div>\n\t\t<div class=\"elementor-element elementor-element-302e1ac e-flex e-con-boxed e-con e-parent\" data-id=\"302e1ac\" data-element_type=\"container\" data-e-type=\"container\" data-settings=\"{&quot;_ha_eqh_enable&quot;:false}\">\n\t\t\t\t\t<div class=\"e-con-inner\">\n\t\t\t\t<div class=\"elementor-element elementor-element-5bcf998 elementor-widget elementor-widget-text-editor\" data-id=\"5bcf998\" data-element_type=\"widget\" data-e-type=\"widget\" data-widget_type=\"text-editor.default\">\n\t\t\t\t<div class=\"elementor-widget-container\">\n\t\t\t\t\t\t\t\t\t<p>Si votre terrasse moderne comporte de grandes dalles en c\u00e9ramique, le film de d\u00e9couplage G-FLEX est votre alli\u00e9 id\u00e9al. Ce film ne se contente pas d&rsquo;imperm\u00e9abiliser les carreaux, il les prot\u00e8ge \u00e9galement contre les mouvements, les charges lourdes et les contraintes, garantissant ainsi l&rsquo;int\u00e9grit\u00e9 de vos rev\u00eatements de sol et de mur. L&rsquo;application de G-FLEX garantit que votre terrasse est non seulement visuellement remarquable, mais aussi structurellement solide.<\/p>\n<p>G-FLEX ne prot\u00e8ge pas seulement la c\u00e9ramique, mais comble \u00e9galement le foss\u00e9 entre l&rsquo;esth\u00e9tique et la fonctionnalit\u00e9. Lorsqu&rsquo;il s&rsquo;agit de c\u00e9ramiques de grand format, il est essentiel de se pr\u00e9occuper des mouvements et des contraintes possibles. G-FLEX r\u00e9pond \u00e0 ces pr\u00e9occupations en assurant la stabilit\u00e9 et la durabilit\u00e9 des dalles, m\u00eame dans les environnements modernes de terrasses \u00e0 fort trafic. L&rsquo;investissement dans la c\u00e9ramique grand format est soutenu par l&rsquo;application de G-FLEX, ce qui garantit que votre terrasse n&rsquo;est pas seulement impressionnante sur le plan visuel, mais qu&rsquo;elle r\u00e9siste \u00e9galement \u00e0 l&rsquo;\u00e9preuve du temps.<\/p>\n\t\t\t\t\t\t\t\t<\/div>\n\t\t\t\t<\/div>\n\t\t\t\t\t<\/div>\n\t\t\t\t<\/div>\n\t\t<div class=\"elementor-element elementor-element-0e1a829 e-flex e-con-boxed e-con e-parent\" data-id=\"0e1a829\" data-element_type=\"container\" data-e-type=\"container\" data-settings=\"{&quot;_ha_eqh_enable&quot;:false}\">\n\t\t\t\t\t<div class=\"e-con-inner\">\n\t\t<div class=\"elementor-element elementor-element-07e656f e-con-full e-transform e-flex e-con e-child\" data-id=\"07e656f\" data-element_type=\"container\" data-e-type=\"container\" data-settings=\"{&quot;_ha_eqh_enable&quot;:false,&quot;_transform_rotateZ_effect&quot;:{&quot;unit&quot;:&quot;px&quot;,&quot;size&quot;:&quot;&quot;,&quot;sizes&quot;:[]},&quot;_transform_rotateZ_effect_tablet&quot;:{&quot;unit&quot;:&quot;deg&quot;,&quot;size&quot;:&quot;&quot;,&quot;sizes&quot;:[]},&quot;_transform_rotateZ_effect_mobile&quot;:{&quot;unit&quot;:&quot;deg&quot;,&quot;size&quot;:&quot;&quot;,&quot;sizes&quot;:[]}}\">\n\t\t\t\t<div class=\"elementor-element elementor-element-104f271 e-transform elementor-widget elementor-widget-image\" data-id=\"104f271\" data-element_type=\"widget\" data-e-type=\"widget\" data-settings=\"{&quot;_transform_rotateZ_effect&quot;:{&quot;unit&quot;:&quot;px&quot;,&quot;size&quot;:&quot;&quot;,&quot;sizes&quot;:[]},&quot;_transform_rotateZ_effect_tablet&quot;:{&quot;unit&quot;:&quot;deg&quot;,&quot;size&quot;:&quot;&quot;,&quot;sizes&quot;:[]},&quot;_transform_rotateZ_effect_mobile&quot;:{&quot;unit&quot;:&quot;deg&quot;,&quot;size&quot;:&quot;&quot;,&quot;sizes&quot;:[]}}\" data-widget_type=\"image.default\">\n\t\t\t\t<div class=\"elementor-widget-container\">\n\t\t\t\t\t\t\t\t\t\t\t\t\t\t\t\t<a href=\"https:\/\/www.estilguru.com\/fr\/feuilles-impermeables\/stratifie-impermeabilise-water-stop\/\" target=\"_blank\">\n\t\t\t\t\t\t\t<img decoding=\"async\" width=\"773\" height=\"512\" src=\"https:\/\/www.estilguru.com\/wp-content\/uploads\/2022\/01\/Impermeabilizar-terraza-waterstop-1.jpg\" class=\"attachment-large size-large wp-image-5234\" alt=\"l\u00c1MINA eva\" srcset=\"https:\/\/www.estilguru.com\/wp-content\/uploads\/2022\/01\/Impermeabilizar-terraza-waterstop-1.jpg 773w, https:\/\/www.estilguru.com\/wp-content\/uploads\/2022\/01\/Impermeabilizar-terraza-waterstop-1-600x397.jpg 600w, https:\/\/www.estilguru.com\/wp-content\/uploads\/2022\/01\/Impermeabilizar-terraza-waterstop-1-300x199.jpg 300w, https:\/\/www.estilguru.com\/wp-content\/uploads\/2022\/01\/Impermeabilizar-terraza-waterstop-1-768x509.jpg 768w\" sizes=\"(max-width: 773px) 100vw, 773px\" \/>\t\t\t\t\t\t\t\t<\/a>\n\t\t\t\t\t\t\t\t\t\t\t\t\t\t\t<\/div>\n\t\t\t\t<\/div>\n\t\t\t\t<div class=\"elementor-element elementor-element-63ed7e5 elementor-widget elementor-widget-heading\" data-id=\"63ed7e5\" data-element_type=\"widget\" data-e-type=\"widget\" data-widget_type=\"heading.default\">\n\t\t\t\t<div class=\"elementor-widget-container\">\n\t\t\t\t\t<h2 class=\"elementor-heading-title elementor-size-default\">\u00c9tanch\u00e9it\u00e9<\/h2>\t\t\t\t<\/div>\n\t\t\t\t<\/div>\n\t\t\t\t<\/div>\n\t\t<div class=\"elementor-element elementor-element-75c984f e-con-full e-transform e-flex e-con e-child\" data-id=\"75c984f\" data-element_type=\"container\" data-e-type=\"container\" data-settings=\"{&quot;_ha_eqh_enable&quot;:false,&quot;_transform_rotateZ_effect&quot;:{&quot;unit&quot;:&quot;px&quot;,&quot;size&quot;:&quot;&quot;,&quot;sizes&quot;:[]},&quot;_transform_rotateZ_effect_tablet&quot;:{&quot;unit&quot;:&quot;deg&quot;,&quot;size&quot;:&quot;&quot;,&quot;sizes&quot;:[]},&quot;_transform_rotateZ_effect_mobile&quot;:{&quot;unit&quot;:&quot;deg&quot;,&quot;size&quot;:&quot;&quot;,&quot;sizes&quot;:[]}}\">\n\t\t\t\t<div class=\"elementor-element elementor-element-a584a94 elementor-widget elementor-widget-image\" data-id=\"a584a94\" data-element_type=\"widget\" data-e-type=\"widget\" data-widget_type=\"image.default\">\n\t\t\t\t<div class=\"elementor-widget-container\">\n\t\t\t\t\t\t\t\t\t\t\t\t\t\t\t\t<a href=\"https:\/\/www.estilguru.com\/fr\/feuilles-impermeables\/lamina-uncoupling-g-flex\/\" target=\"_blank\">\n\t\t\t\t\t\t\t<img loading=\"lazy\" decoding=\"async\" width=\"1024\" height=\"668\" src=\"https:\/\/www.estilguru.com\/wp-content\/uploads\/2021\/11\/Lamina-de-desolidarizacion-G-FLEX-1024x668.jpg\" class=\"attachment-large size-large wp-image-2316\" alt=\"\" srcset=\"https:\/\/www.estilguru.com\/wp-content\/uploads\/2021\/11\/Lamina-de-desolidarizacion-G-FLEX-1024x668.jpg 1024w, https:\/\/www.estilguru.com\/wp-content\/uploads\/2021\/11\/Lamina-de-desolidarizacion-G-FLEX-scaled-600x392.jpg 600w, https:\/\/www.estilguru.com\/wp-content\/uploads\/2021\/11\/Lamina-de-desolidarizacion-G-FLEX-300x196.jpg 300w, https:\/\/www.estilguru.com\/wp-content\/uploads\/2021\/11\/Lamina-de-desolidarizacion-G-FLEX-768x501.jpg 768w, https:\/\/www.estilguru.com\/wp-content\/uploads\/2021\/11\/Lamina-de-desolidarizacion-G-FLEX-1536x1002.jpg 1536w, https:\/\/www.estilguru.com\/wp-content\/uploads\/2021\/11\/Lamina-de-desolidarizacion-G-FLEX-2048x1336.jpg 2048w, https:\/\/www.estilguru.com\/wp-content\/uploads\/2021\/11\/Lamina-de-desolidarizacion-G-FLEX-scaled.jpg 2000w\" sizes=\"(max-width: 1024px) 100vw, 1024px\" \/>\t\t\t\t\t\t\t\t<\/a>\n\t\t\t\t\t\t\t\t\t\t\t\t\t\t\t<\/div>\n\t\t\t\t<\/div>\n\t\t\t\t<div class=\"elementor-element elementor-element-d5dd6ca elementor-widget elementor-widget-heading\" data-id=\"d5dd6ca\" data-element_type=\"widget\" data-e-type=\"widget\" data-widget_type=\"heading.default\">\n\t\t\t\t<div class=\"elementor-widget-container\">\n\t\t\t\t\t<h2 class=\"elementor-heading-title elementor-size-default\">D\u00e9couplage<\/h2>\t\t\t\t<\/div>\n\t\t\t\t<\/div>\n\t\t\t\t<\/div>\n\t\t\t\t\t<\/div>\n\t\t\t\t<\/div>\n\t\t<div class=\"elementor-element elementor-element-2094ca4 e-flex e-con-boxed e-con e-parent\" data-id=\"2094ca4\" data-element_type=\"container\" data-e-type=\"container\" data-settings=\"{&quot;_ha_eqh_enable&quot;:false}\">\n\t\t\t\t\t<div class=\"e-con-inner\">\n\t\t\t\t<div class=\"elementor-element elementor-element-2283ee1 elementor-widget elementor-widget-heading\" data-id=\"2283ee1\" data-element_type=\"widget\" data-e-type=\"widget\" data-widget_type=\"heading.default\">\n\t\t\t\t<div class=\"elementor-widget-container\">\n\t\t\t\t\t<h3 class=\"elementor-heading-title elementor-size-default\">Conclusions : Conception, protection et style des terrasses modernes<\/h3>\t\t\t\t<\/div>\n\t\t\t\t<\/div>\n\t\t\t\t\t<\/div>\n\t\t\t\t<\/div>\n\t\t<div class=\"elementor-element elementor-element-bef37f2 e-flex e-con-boxed e-con e-parent\" data-id=\"bef37f2\" data-element_type=\"container\" data-e-type=\"container\" data-settings=\"{&quot;_ha_eqh_enable&quot;:false}\">\n\t\t\t\t\t<div class=\"e-con-inner\">\n\t\t\t\t<div class=\"elementor-element elementor-element-358b3ce elementor-widget elementor-widget-text-editor\" data-id=\"358b3ce\" data-element_type=\"widget\" data-e-type=\"widget\" data-widget_type=\"text-editor.default\">\n\t\t\t\t<div class=\"elementor-widget-container\">\n\t\t\t\t\t\t\t\t\t<p>En conclusion, l&rsquo;am\u00e9nagement de terrasses modernes va au-del\u00e0 de la s\u00e9lection du mobilier et de la disposition des \u00e9l\u00e9ments d\u00e9coratifs. La protection structurelle est essentielle pour pr\u00e9server la long\u00e9vit\u00e9 et la beaut\u00e9 de ces espaces ext\u00e9rieurs. Water-Stop et G-FLEX se positionnent comme des alli\u00e9s essentiels dans ce processus, garantissant que votre terrasse moderne n&rsquo;est pas seulement visuellement magnifique, mais aussi fonctionnelle et prot\u00e9g\u00e9e dans le temps.<\/p>\n<p>Qu&rsquo;il s&rsquo;agisse de terrasses de luxe ou de petites retraites urbaines sur les toits, la conception de terrasses modernes se d\u00e9finit par l&rsquo;attention port\u00e9e aux d\u00e9tails et l&rsquo;int\u00e9gration de solutions intelligentes. En choisissant des produits tels que Water-Stop et G-FLEX, vous n&rsquo;investissez pas seulement dans le pr\u00e9sent de votre terrasse moderne, mais aussi dans son avenir. Gardez votre espace ext\u00e9rieur moderne, prot\u00e9g\u00e9 et esth\u00e9tiquement impeccable avec les bonnes solutions, et profitez d&rsquo;une terrasse qui refl\u00e8te votre style et dure dans le temps.<\/p>\n\t\t\t\t\t\t\t\t<\/div>\n\t\t\t\t<\/div>\n\t\t\t\t\t<\/div>\n\t\t\t\t<\/div>\n\t\t<div class=\"elementor-element elementor-element-9f9361f e-flex e-con-boxed e-con e-parent\" data-id=\"9f9361f\" data-element_type=\"container\" data-e-type=\"container\" data-settings=\"{&quot;_ha_eqh_enable&quot;:false}\">\n\t\t\t\t\t<div class=\"e-con-inner\">\n\t\t\t\t<div class=\"elementor-element elementor-element-d67fc15 elementor-widget elementor-widget-heading\" data-id=\"d67fc15\" data-element_type=\"widget\" data-e-type=\"widget\" data-widget_type=\"heading.default\">\n\t\t\t\t<div class=\"elementor-widget-container\">\n\t\t\t\t\t<h3 class=\"elementor-heading-title elementor-size-default\">Concepts innovants pour la d\u00e9coration moderne des terrasses<\/h3>\t\t\t\t<\/div>\n\t\t\t\t<\/div>\n\t\t\t\t\t<\/div>\n\t\t\t\t<\/div>\n\t\t\t\t<\/div>\n\t\t","protected":false},"excerpt":{"rendered":"<p>Les terrasses modernes ont d\u00e9pass\u00e9 le stade de simples espaces ext\u00e9rieurs pour devenir des extensions \u00e9l\u00e9gantes et fonctionnelles de nos maisons. Cet article explore les tendances et les \u00e9l\u00e9ments cl\u00e9s qui d\u00e9finissent les terrasses modernes, des designs de luxe aux solutions innovantes pour prot\u00e9ger et am\u00e9liorer ces espaces uniques. Table des mati\u00e8res D\u00e9couvrir l&rsquo;\u00e9l\u00e9gance des &hellip;<\/p>\n<p class=\"read-more\"> <a class=\"\" href=\"https:\/\/www.estilguru.com\/fr\/terrasses-modernes-tendances-en-2024\/\"> <span class=\"screen-reader-text\">Terrasses modernes : tendances en 2024<\/span> Lire la suite\u00a0\u00bb<\/a><\/p>\n","protected":false},"author":1,"featured_media":21048,"comment_status":"closed","ping_status":"open","sticky":false,"template":"","format":"standard","meta":{"site-sidebar-layout":"default","site-content-layout":"default","ast-main-header-display":"","ast-hfb-above-header-display":"","ast-hfb-below-header-display":"","ast-hfb-mobile-header-display":"","site-post-title":"","ast-breadcrumbs-content":"","ast-featured-img":"","footer-sml-layout":"","theme-transparent-header-meta":"default","adv-header-id-meta":"","stick-header-meta":"","header-above-stick-meta":"","header-main-stick-meta":"","header-below-stick-meta":"","footnotes":""},"categories":[237],"tags":[],"class_list":["post-18682","post","type-post","status-publish","format-standard","has-post-thumbnail","hentry","category-impermeabilisation"],"yoast_head":"<!-- This site is optimized with the Yoast SEO plugin v27.1.1 - https:\/\/yoast.com\/product\/yoast-seo-wordpress\/ -->\n<title>Terrasses modernes : tendances en 2024 - Estil Guru<\/title>\n<meta name=\"robots\" content=\"index, follow, max-snippet:-1, max-image-preview:large, max-video-preview:-1\" \/>\n<link rel=\"canonical\" href=\"https:\/\/www.estilguru.com\/fr\/terrasses-modernes-tendances-en-2024\/\" \/>\n<meta property=\"og:locale\" content=\"fr_FR\" \/>\n<meta property=\"og:type\" content=\"article\" \/>\n<meta property=\"og:title\" content=\"Terrasses modernes : tendances en 2024 - Estil Guru\" \/>\n<meta property=\"og:description\" content=\"Les terrasses modernes ont d\u00e9pass\u00e9 le stade de simples espaces ext\u00e9rieurs pour devenir des extensions \u00e9l\u00e9gantes et fonctionnelles de nos maisons. Cet article explore les tendances et les \u00e9l\u00e9ments cl\u00e9s qui d\u00e9finissent les terrasses modernes, des designs de luxe aux solutions innovantes pour prot\u00e9ger et am\u00e9liorer ces espaces uniques. Table des mati\u00e8res D\u00e9couvrir l&rsquo;\u00e9l\u00e9gance des &hellip; Terrasses modernes : tendances en 2024 Lire la suite\u00a0\u00bb\" \/>\n<meta property=\"og:url\" content=\"https:\/\/www.estilguru.com\/fr\/terrasses-modernes-tendances-en-2024\/\" \/>\n<meta property=\"og:site_name\" content=\"Estil Guru\" \/>\n<meta property=\"article:published_time\" content=\"2024-01-22T08:04:47+00:00\" \/>\n<meta property=\"article:modified_time\" content=\"2025-03-05T11:10:16+00:00\" \/>\n<meta property=\"og:image\" content=\"https:\/\/www.estilguru.com\/wp-content\/uploads\/2024\/01\/Terrzaza-moderna-1.jpg\" \/>\n\t<meta property=\"og:image:width\" content=\"3034\" \/>\n\t<meta property=\"og:image:height\" content=\"1734\" \/>\n\t<meta property=\"og:image:type\" content=\"image\/jpeg\" \/>\n<meta name=\"author\" content=\"estilguru\" \/>\n<meta name=\"twitter:card\" content=\"summary_large_image\" \/>\n<meta name=\"twitter:label1\" content=\"\u00c9crit par\" \/>\n\t<meta name=\"twitter:data1\" content=\"estilguru\" \/>\n\t<meta name=\"twitter:label2\" content=\"Dur\u00e9e de lecture estim\u00e9e\" \/>\n\t<meta name=\"twitter:data2\" content=\"8 minutes\" \/>\n<script type=\"application\/ld+json\" class=\"yoast-schema-graph\">{\"@context\":\"https:\/\/schema.org\",\"@graph\":[{\"@type\":\"Article\",\"@id\":\"https:\/\/www.estilguru.com\/fr\/terrasses-modernes-tendances-en-2024\/#article\",\"isPartOf\":{\"@id\":\"https:\/\/www.estilguru.com\/fr\/terrasses-modernes-tendances-en-2024\/\"},\"author\":{\"name\":\"estilguru\",\"@id\":\"https:\/\/www.estilguru.com\/fr\/#\/schema\/person\/d3fc5a1b603da80b44c9688ab1e550f1\"},\"headline\":\"Terrasses modernes : tendances en 2024\",\"datePublished\":\"2024-01-22T08:04:47+00:00\",\"dateModified\":\"2025-03-05T11:10:16+00:00\",\"mainEntityOfPage\":{\"@id\":\"https:\/\/www.estilguru.com\/fr\/terrasses-modernes-tendances-en-2024\/\"},\"wordCount\":1691,\"publisher\":{\"@id\":\"https:\/\/www.estilguru.com\/fr\/#organization\"},\"image\":{\"@id\":\"https:\/\/www.estilguru.com\/fr\/terrasses-modernes-tendances-en-2024\/#primaryimage\"},\"thumbnailUrl\":\"https:\/\/www.estilguru.com\/wp-content\/uploads\/2024\/11\/DETALLE-TERRAZA_001_laminanueva.jpg\",\"articleSection\":[\"Imperm\u00e9abilisation\"],\"inLanguage\":\"fr-FR\"},{\"@type\":\"WebPage\",\"@id\":\"https:\/\/www.estilguru.com\/fr\/terrasses-modernes-tendances-en-2024\/\",\"url\":\"https:\/\/www.estilguru.com\/fr\/terrasses-modernes-tendances-en-2024\/\",\"name\":\"Terrasses modernes : tendances en 2024 - Estil Guru\",\"isPartOf\":{\"@id\":\"https:\/\/www.estilguru.com\/fr\/#website\"},\"primaryImageOfPage\":{\"@id\":\"https:\/\/www.estilguru.com\/fr\/terrasses-modernes-tendances-en-2024\/#primaryimage\"},\"image\":{\"@id\":\"https:\/\/www.estilguru.com\/fr\/terrasses-modernes-tendances-en-2024\/#primaryimage\"},\"thumbnailUrl\":\"https:\/\/www.estilguru.com\/wp-content\/uploads\/2024\/11\/DETALLE-TERRAZA_001_laminanueva.jpg\",\"datePublished\":\"2024-01-22T08:04:47+00:00\",\"dateModified\":\"2025-03-05T11:10:16+00:00\",\"breadcrumb\":{\"@id\":\"https:\/\/www.estilguru.com\/fr\/terrasses-modernes-tendances-en-2024\/#breadcrumb\"},\"inLanguage\":\"fr-FR\",\"potentialAction\":[{\"@type\":\"ReadAction\",\"target\":[\"https:\/\/www.estilguru.com\/fr\/terrasses-modernes-tendances-en-2024\/\"]}]},{\"@type\":\"ImageObject\",\"inLanguage\":\"fr-FR\",\"@id\":\"https:\/\/www.estilguru.com\/fr\/terrasses-modernes-tendances-en-2024\/#primaryimage\",\"url\":\"https:\/\/www.estilguru.com\/wp-content\/uploads\/2024\/11\/DETALLE-TERRAZA_001_laminanueva.jpg\",\"contentUrl\":\"https:\/\/www.estilguru.com\/wp-content\/uploads\/2024\/11\/DETALLE-TERRAZA_001_laminanueva.jpg\",\"width\":1500,\"height\":1060,\"caption\":\"una terraza impermeabilzada\"},{\"@type\":\"BreadcrumbList\",\"@id\":\"https:\/\/www.estilguru.com\/fr\/terrasses-modernes-tendances-en-2024\/#breadcrumb\",\"itemListElement\":[{\"@type\":\"ListItem\",\"position\":1,\"name\":\"Home\",\"item\":\"https:\/\/www.estilguru.com\/fr\/\"},{\"@type\":\"ListItem\",\"position\":2,\"name\":\"Terrasses modernes : tendances en 2024\"}]},{\"@type\":\"WebSite\",\"@id\":\"https:\/\/www.estilguru.com\/fr\/#website\",\"url\":\"https:\/\/www.estilguru.com\/fr\/\",\"name\":\"Estil Guru\",\"description\":\"Sistemas de ducha e impermeabilizaci\u00f3n\",\"publisher\":{\"@id\":\"https:\/\/www.estilguru.com\/fr\/#organization\"},\"potentialAction\":[{\"@type\":\"SearchAction\",\"target\":{\"@type\":\"EntryPoint\",\"urlTemplate\":\"https:\/\/www.estilguru.com\/fr\/?s={search_term_string}\"},\"query-input\":{\"@type\":\"PropertyValueSpecification\",\"valueRequired\":true,\"valueName\":\"search_term_string\"}}],\"inLanguage\":\"fr-FR\"},{\"@type\":\"Organization\",\"@id\":\"https:\/\/www.estilguru.com\/fr\/#organization\",\"name\":\"Estil Guru\",\"url\":\"https:\/\/www.estilguru.com\/fr\/\",\"logo\":{\"@type\":\"ImageObject\",\"inLanguage\":\"fr-FR\",\"@id\":\"https:\/\/www.estilguru.com\/fr\/#\/schema\/logo\/image\/\",\"url\":\"https:\/\/www.estilguru.com\/wp-content\/uploads\/2022\/09\/LOGO-GURU-horizontal-centrado-01.png\",\"contentUrl\":\"https:\/\/www.estilguru.com\/wp-content\/uploads\/2022\/09\/LOGO-GURU-horizontal-centrado-01.png\",\"width\":2000,\"height\":663,\"caption\":\"Estil Guru\"},\"image\":{\"@id\":\"https:\/\/www.estilguru.com\/fr\/#\/schema\/logo\/image\/\"}},{\"@type\":\"Person\",\"@id\":\"https:\/\/www.estilguru.com\/fr\/#\/schema\/person\/d3fc5a1b603da80b44c9688ab1e550f1\",\"name\":\"estilguru\",\"image\":{\"@type\":\"ImageObject\",\"inLanguage\":\"fr-FR\",\"@id\":\"https:\/\/www.estilguru.com\/fr\/#\/schema\/person\/image\/\",\"url\":\"https:\/\/secure.gravatar.com\/avatar\/7545ee2b179bf7ff0661e59cb8a35e8e1bb085a0a638b423d020c30a57b17c67?s=96&d=mm&r=g\",\"contentUrl\":\"https:\/\/secure.gravatar.com\/avatar\/7545ee2b179bf7ff0661e59cb8a35e8e1bb085a0a638b423d020c30a57b17c67?s=96&d=mm&r=g\",\"caption\":\"estilguru\"},\"sameAs\":[\"http:\/\/www.estilguru.com\"],\"url\":\"https:\/\/www.estilguru.com\/fr\/author\/estilguru\/\"}]}<\/script>\n<!-- \/ Yoast SEO plugin. -->","yoast_head_json":{"title":"Terrasses modernes : tendances en 2024 - Estil Guru","robots":{"index":"index","follow":"follow","max-snippet":"max-snippet:-1","max-image-preview":"max-image-preview:large","max-video-preview":"max-video-preview:-1"},"canonical":"https:\/\/www.estilguru.com\/fr\/terrasses-modernes-tendances-en-2024\/","og_locale":"fr_FR","og_type":"article","og_title":"Terrasses modernes : tendances en 2024 - Estil Guru","og_description":"Les terrasses modernes ont d\u00e9pass\u00e9 le stade de simples espaces ext\u00e9rieurs pour devenir des extensions \u00e9l\u00e9gantes et fonctionnelles de nos maisons. Cet article explore les tendances et les \u00e9l\u00e9ments cl\u00e9s qui d\u00e9finissent les terrasses modernes, des designs de luxe aux solutions innovantes pour prot\u00e9ger et am\u00e9liorer ces espaces uniques. Table des mati\u00e8res D\u00e9couvrir l&rsquo;\u00e9l\u00e9gance des &hellip; Terrasses modernes : tendances en 2024 Lire la suite\u00a0\u00bb","og_url":"https:\/\/www.estilguru.com\/fr\/terrasses-modernes-tendances-en-2024\/","og_site_name":"Estil Guru","article_published_time":"2024-01-22T08:04:47+00:00","article_modified_time":"2025-03-05T11:10:16+00:00","og_image":[{"width":3034,"height":1734,"url":"https:\/\/www.estilguru.com\/wp-content\/uploads\/2024\/01\/Terrzaza-moderna-1.jpg","type":"image\/jpeg"}],"author":"estilguru","twitter_card":"summary_large_image","twitter_misc":{"\u00c9crit par":"estilguru","Dur\u00e9e de lecture estim\u00e9e":"8 minutes"},"schema":{"@context":"https:\/\/schema.org","@graph":[{"@type":"Article","@id":"https:\/\/www.estilguru.com\/fr\/terrasses-modernes-tendances-en-2024\/#article","isPartOf":{"@id":"https:\/\/www.estilguru.com\/fr\/terrasses-modernes-tendances-en-2024\/"},"author":{"name":"estilguru","@id":"https:\/\/www.estilguru.com\/fr\/#\/schema\/person\/d3fc5a1b603da80b44c9688ab1e550f1"},"headline":"Terrasses modernes : tendances en 2024","datePublished":"2024-01-22T08:04:47+00:00","dateModified":"2025-03-05T11:10:16+00:00","mainEntityOfPage":{"@id":"https:\/\/www.estilguru.com\/fr\/terrasses-modernes-tendances-en-2024\/"},"wordCount":1691,"publisher":{"@id":"https:\/\/www.estilguru.com\/fr\/#organization"},"image":{"@id":"https:\/\/www.estilguru.com\/fr\/terrasses-modernes-tendances-en-2024\/#primaryimage"},"thumbnailUrl":"https:\/\/www.estilguru.com\/wp-content\/uploads\/2024\/11\/DETALLE-TERRAZA_001_laminanueva.jpg","articleSection":["Imperm\u00e9abilisation"],"inLanguage":"fr-FR"},{"@type":"WebPage","@id":"https:\/\/www.estilguru.com\/fr\/terrasses-modernes-tendances-en-2024\/","url":"https:\/\/www.estilguru.com\/fr\/terrasses-modernes-tendances-en-2024\/","name":"Terrasses modernes : tendances en 2024 - Estil Guru","isPartOf":{"@id":"https:\/\/www.estilguru.com\/fr\/#website"},"primaryImageOfPage":{"@id":"https:\/\/www.estilguru.com\/fr\/terrasses-modernes-tendances-en-2024\/#primaryimage"},"image":{"@id":"https:\/\/www.estilguru.com\/fr\/terrasses-modernes-tendances-en-2024\/#primaryimage"},"thumbnailUrl":"https:\/\/www.estilguru.com\/wp-content\/uploads\/2024\/11\/DETALLE-TERRAZA_001_laminanueva.jpg","datePublished":"2024-01-22T08:04:47+00:00","dateModified":"2025-03-05T11:10:16+00:00","breadcrumb":{"@id":"https:\/\/www.estilguru.com\/fr\/terrasses-modernes-tendances-en-2024\/#breadcrumb"},"inLanguage":"fr-FR","potentialAction":[{"@type":"ReadAction","target":["https:\/\/www.estilguru.com\/fr\/terrasses-modernes-tendances-en-2024\/"]}]},{"@type":"ImageObject","inLanguage":"fr-FR","@id":"https:\/\/www.estilguru.com\/fr\/terrasses-modernes-tendances-en-2024\/#primaryimage","url":"https:\/\/www.estilguru.com\/wp-content\/uploads\/2024\/11\/DETALLE-TERRAZA_001_laminanueva.jpg","contentUrl":"https:\/\/www.estilguru.com\/wp-content\/uploads\/2024\/11\/DETALLE-TERRAZA_001_laminanueva.jpg","width":1500,"height":1060,"caption":"una terraza impermeabilzada"},{"@type":"BreadcrumbList","@id":"https:\/\/www.estilguru.com\/fr\/terrasses-modernes-tendances-en-2024\/#breadcrumb","itemListElement":[{"@type":"ListItem","position":1,"name":"Home","item":"https:\/\/www.estilguru.com\/fr\/"},{"@type":"ListItem","position":2,"name":"Terrasses modernes : tendances en 2024"}]},{"@type":"WebSite","@id":"https:\/\/www.estilguru.com\/fr\/#website","url":"https:\/\/www.estilguru.com\/fr\/","name":"Estil Guru","description":"Sistemas de ducha e impermeabilizaci\u00f3n","publisher":{"@id":"https:\/\/www.estilguru.com\/fr\/#organization"},"potentialAction":[{"@type":"SearchAction","target":{"@type":"EntryPoint","urlTemplate":"https:\/\/www.estilguru.com\/fr\/?s={search_term_string}"},"query-input":{"@type":"PropertyValueSpecification","valueRequired":true,"valueName":"search_term_string"}}],"inLanguage":"fr-FR"},{"@type":"Organization","@id":"https:\/\/www.estilguru.com\/fr\/#organization","name":"Estil Guru","url":"https:\/\/www.estilguru.com\/fr\/","logo":{"@type":"ImageObject","inLanguage":"fr-FR","@id":"https:\/\/www.estilguru.com\/fr\/#\/schema\/logo\/image\/","url":"https:\/\/www.estilguru.com\/wp-content\/uploads\/2022\/09\/LOGO-GURU-horizontal-centrado-01.png","contentUrl":"https:\/\/www.estilguru.com\/wp-content\/uploads\/2022\/09\/LOGO-GURU-horizontal-centrado-01.png","width":2000,"height":663,"caption":"Estil Guru"},"image":{"@id":"https:\/\/www.estilguru.com\/fr\/#\/schema\/logo\/image\/"}},{"@type":"Person","@id":"https:\/\/www.estilguru.com\/fr\/#\/schema\/person\/d3fc5a1b603da80b44c9688ab1e550f1","name":"estilguru","image":{"@type":"ImageObject","inLanguage":"fr-FR","@id":"https:\/\/www.estilguru.com\/fr\/#\/schema\/person\/image\/","url":"https:\/\/secure.gravatar.com\/avatar\/7545ee2b179bf7ff0661e59cb8a35e8e1bb085a0a638b423d020c30a57b17c67?s=96&d=mm&r=g","contentUrl":"https:\/\/secure.gravatar.com\/avatar\/7545ee2b179bf7ff0661e59cb8a35e8e1bb085a0a638b423d020c30a57b17c67?s=96&d=mm&r=g","caption":"estilguru"},"sameAs":["http:\/\/www.estilguru.com"],"url":"https:\/\/www.estilguru.com\/fr\/author\/estilguru\/"}]}},"_links":{"self":[{"href":"https:\/\/www.estilguru.com\/fr\/wp-json\/wp\/v2\/posts\/18682","targetHints":{"allow":["GET"]}}],"collection":[{"href":"https:\/\/www.estilguru.com\/fr\/wp-json\/wp\/v2\/posts"}],"about":[{"href":"https:\/\/www.estilguru.com\/fr\/wp-json\/wp\/v2\/types\/post"}],"author":[{"embeddable":true,"href":"https:\/\/www.estilguru.com\/fr\/wp-json\/wp\/v2\/users\/1"}],"replies":[{"embeddable":true,"href":"https:\/\/www.estilguru.com\/fr\/wp-json\/wp\/v2\/comments?post=18682"}],"version-history":[{"count":0,"href":"https:\/\/www.estilguru.com\/fr\/wp-json\/wp\/v2\/posts\/18682\/revisions"}],"wp:featuredmedia":[{"embeddable":true,"href":"https:\/\/www.estilguru.com\/fr\/wp-json\/wp\/v2\/media\/21048"}],"wp:attachment":[{"href":"https:\/\/www.estilguru.com\/fr\/wp-json\/wp\/v2\/media?parent=18682"}],"wp:term":[{"taxonomy":"category","embeddable":true,"href":"https:\/\/www.estilguru.com\/fr\/wp-json\/wp\/v2\/categories?post=18682"},{"taxonomy":"post_tag","embeddable":true,"href":"https:\/\/www.estilguru.com\/fr\/wp-json\/wp\/v2\/tags?post=18682"}],"curies":[{"name":"wp","href":"https:\/\/api.w.org\/{rel}","templated":true}]}}